{"id":12337,"date":"2021-04-04T19:51:44","date_gmt":"2021-04-04T22:51:44","guid":{"rendered":"https:\/\/tvc16.com\/portal\/?p=12337"},"modified":"2021-04-04T19:51:46","modified_gmt":"2021-04-04T22:51:46","slug":"bienal-de-curitiba-tera-palestras-lives-mostras-e-entrevistas-online","status":"publish","type":"post","link":"https:\/\/tvc16.com\/portal\/2021\/04\/04\/bienal-de-curitiba-tera-palestras-lives-mostras-e-entrevistas-online\/","title":{"rendered":"Bienal de Curitiba ter\u00e1 palestras, lives, mostras e entrevistas online"},"content":{"rendered":"\n<h3 class=\"wp-block-heading\">Evento ser\u00e1 realizado gratuitamente at\u00e9 31 de dezembro<\/h3>\n\n\n\n<h4 class=\"wp-block-heading\">Por Ag\u00eancia Brasil &#8211; Bras\u00edlia<\/h4>\n\n\n\n<p>A&nbsp;<a href=\"http:\/\/www.bienaldecuritiba.com.br\/\" target=\"_blank\" rel=\"noreferrer noopener\">Bienal Internacional<\/a>&nbsp;de Arte Contempor\u00e2nea de Curitiba promove seu primeiro evento majoritariamente<em>&nbsp;online<\/em>. Ao todo, ser\u00e3o nove meses de palestras,&nbsp;<em>lives<\/em>, entrevistas e exposi\u00e7\u00f5es virtuais. O evento virtual oferece conte\u00fado sobre artes visuais,&nbsp;<em>design<\/em>, arquitetura, cinema e literatura e ser\u00e1 realizado gratuitamente at\u00e9 o dia&nbsp;31 de dezembro.&nbsp;De acordo com a Bienal de Curitiba, a iniciativa faz parte da 14\u00aa edi\u00e7\u00e3o do evento, que aconteceu de forma presencial entre 2019 e 2020. Ainda n\u00e3o h\u00e1 previs\u00e3o para realiza\u00e7\u00e3o da 15\u00aa Bienal em virtude das medidas de seguran\u00e7a sanit\u00e1ria em decorr\u00eancia da pandemia de covid-19.<\/p>\n\n\n\n<p>Para o evento&nbsp;<em>online<\/em>, novas tem\u00e1ticas foram propostas. V\u00e1rios assuntos mostram a rela\u00e7\u00e3o entre arte e responsabilidade socioambiental, arte e tecnologia&nbsp;e quest\u00f5es sociais. Na 14\u00aa edi\u00e7\u00e3o, realizada entre 2019 e 2020, o tema foi \u201cFronteiras Em Aberto\u201d, discutindo o conceito de fronteiras \u2013 e recebendo artistas de todos os continentes, com destaque para membros do Brics&nbsp;(bloco formado pelo Brasil, a R\u00fassia, \u00cdndia, China e \u00c1frica do Sul).<img decoding=\"async\" src=\"https:\/\/agenciabrasil.ebc.com.br\/ebc.png?id=1405805&amp;o=node\"><img decoding=\"async\" src=\"https:\/\/agenciabrasil.ebc.com.br\/ebc.gif?id=1405805&amp;o=node\"><\/p>\n\n\n\n<h2 class=\"wp-block-heading\">Programa\u00e7\u00e3o<\/h2>\n\n\n\n<p>As atra\u00e7\u00f5es da Bienal online ser\u00e3o divididas por tem\u00e1tica mensal. Neste m\u00eas, o evento traz discuss\u00f5es sobre videoarte. Maio ser\u00e1 o m\u00eas do&nbsp;<em>design<\/em>, enquanto junho ser\u00e1 o m\u00eas da produ\u00e7\u00e3o internacional. Aproveitando as f\u00e9rias escolares, julho&nbsp;ter\u00e1 a Bienal online para o p\u00fablico infantojuvenil. Confira a&nbsp;<a href=\"http:\/\/bienaldecuritiba.com.br\/2019\/2019\/10\/03\/programacao-14a-bienal-de-curitiba\/\" target=\"_blank\" rel=\"noreferrer noopener\">\u00edntegra da programa\u00e7\u00e3o<\/a>.&nbsp;<\/p>\n\n\n\n<figure class=\"wp-block-image\"><img decoding=\"async\" src=\"https:\/\/imagens.ebc.com.br\/zP0XCMLbgqXZf2BlERK8XTv2QM4=\/754x0\/smart\/https:\/\/agenciabrasil.ebc.com.br\/sites\/default\/files\/thumbnails\/image\/bienal_de_curitiba_henrique_thoms-33_1.jpg?itok=sAuWHy19\" alt=\"Bienal Internacional de Arte Contempor\u00e2nea de Curitiba\" title=\"Bienal Internacional de Arte Contempor\u00e2nea de Curitiba\"\/><\/figure>\n\n\n\n<p>Bienal Internacional de Arte Contempor\u00e2nea de Curitiba &#8211;&nbsp;<strong>Bienal Internacional de Arte Contempor\u00e2nea de Curitiba<\/strong><\/p>\n\n\n\n<p>Em agosto haver\u00e1&nbsp;o Take Over \u2013 Arte Online, voltado \u00e0s plataformas digitais. As tem\u00e1ticas&nbsp;de setembro&nbsp;s\u00e3o o cinema e a literatura, e em outubro, a arquitetura. Novembro ser\u00e1&nbsp;dedicado \u00e0s exposi\u00e7\u00f5es, com visitas online a mostras e ateli\u00eas de artistas. Dezembro retoma o Take Over, destacando artem\u00eddia e encerrando o evento. A programa\u00e7\u00e3o ser\u00e1 divulgada m\u00eas a m\u00eas, sempre no primeiro dia \u00fatil.<\/p>\n\n\n\n<h2 class=\"wp-block-heading\">Bienal<\/h2>\n\n\n\n<p>Criada em 1993, a Bienal Internacional de Arte Contempor\u00e2nea de Curitiba teve suas primeiras edi\u00e7\u00f5es voltadas \u00e0&nbsp;programa\u00e7\u00e3o expositiva, chegando a&nbsp;ter&nbsp;sedes em outras cidades brasileiras como S\u00e3o Paulo e Bras\u00edlia, e at\u00e9 em Buenos Aires, na Argentina.<\/p>\n\n\n\n<p>A partir de 2007, expandiu sua proposta incluindo performances, interfer\u00eancias urbanas, cursos e palestras. Artistas de renome mundial j\u00e1 participaram da Bienal, como Marina Abramovi\u0107 e Ai Weiwei.<\/p>\n\n\n\n<p>Na 14\u00aa edi\u00e7\u00e3o, o conceito curatorial de \u201cFronteiras Em Aberto\u201d foi assinado pelo espanhol Adolfo Montejo Navas e pela brasileira residente em Berlim (Alemanha) Tereza de Arruda, e contou com 461 artistas dos cinco continentes. Mais de 100 espa\u00e7os da capital paranaense foram ocupados por a\u00e7\u00f5es do evento, atingindo um p\u00fablico de mais de 900 mil pessoas.<\/p>\n\n\n\n<p>Edi\u00e7\u00e3o: Gra\u00e7a Adjuto<\/p>\n","protected":false},"excerpt":{"rendered":"<p>Evento ser\u00e1 realizado gratuitamente at\u00e9 31 de dezembro Por Ag\u00eancia Brasil &#8211; Bras\u00edlia A&nbsp;Bienal Internacional&nbsp;de<\/p>\n","protected":false},"author":2,"featured_media":12338,"comment_status":"open","ping_status":"open","sticky":false,"template":"","format":"standard","meta":{"footnotes":""},"categories":[17],"tags":[],"class_list":["post-12337","post","type-post","status-publish","format-standard","has-post-thumbnail","hentry","category-outras-noticias"],"_links":{"self":[{"href":"https:\/\/tvc16.com\/portal\/wp-json\/wp\/v2\/posts\/12337","targetHints":{"allow":["GET"]}}],"collection":[{"href":"https:\/\/tvc16.com\/portal\/wp-json\/wp\/v2\/posts"}],"about":[{"href":"https:\/\/tvc16.com\/portal\/wp-json\/wp\/v2\/types\/post"}],"author":[{"embeddable":true,"href":"https:\/\/tvc16.com\/portal\/wp-json\/wp\/v2\/users\/2"}],"replies":[{"embeddable":true,"href":"https:\/\/tvc16.com\/portal\/wp-json\/wp\/v2\/comments?post=12337"}],"version-history":[{"count":1,"href":"https:\/\/tvc16.com\/portal\/wp-json\/wp\/v2\/posts\/12337\/revisions"}],"predecessor-version":[{"id":12339,"href":"https:\/\/tvc16.com\/portal\/wp-json\/wp\/v2\/posts\/12337\/revisions\/12339"}],"wp:featuredmedia":[{"embeddable":true,"href":"https:\/\/tvc16.com\/portal\/wp-json\/wp\/v2\/media\/12338"}],"wp:attachment":[{"href":"https:\/\/tvc16.com\/portal\/wp-json\/wp\/v2\/media?parent=12337"}],"wp:term":[{"taxonomy":"category","embeddable":true,"href":"https:\/\/tvc16.com\/portal\/wp-json\/wp\/v2\/categories?post=12337"},{"taxonomy":"post_tag","embeddable":true,"href":"https:\/\/tvc16.com\/portal\/wp-json\/wp\/v2\/tags?post=12337"}],"curies":[{"name":"wp","href":"https:\/\/api.w.org\/{rel}","templated":true}]}}