{"id":1234,"date":"2020-09-25T12:31:23","date_gmt":"2020-09-25T12:31:23","guid":{"rendered":"https:\/\/tvc16.com\/portal\/?p=1234"},"modified":"2020-09-25T12:31:23","modified_gmt":"2020-09-25T12:31:23","slug":"auxilio-emergencial-chega-a-r-2079-bi-para-672-milhoes-de-pessoas","status":"publish","type":"post","link":"https:\/\/tvc16.com\/portal\/2020\/09\/25\/auxilio-emergencial-chega-a-r-2079-bi-para-672-milhoes-de-pessoas\/","title":{"rendered":"Aux\u00edlio emergencial chega a R$ 207,9 bi para 67,2 milh\u00f5es de pessoas"},"content":{"rendered":"\n<p>Pagamentos visam amenizar os efeitos economicos da pandemia<\/p>\n\n\n\n<p>A Caixa alcan\u00e7a hoje (25) a marca de 304,5 milh\u00f5es de pagamentos do aux\u00edlio emergencial, atendendo 67,2 milh\u00f5es de pessoas. Os pagamentos somam um montante de R$ 207,9 bilh\u00f5es disponibilizados pelo Governo Federal, com o objetivo de amenizar os impactos da pandemia da covid-19 na renda da popula\u00e7\u00e3o brasileira.<img decoding=\"async\" src=\"https:\/\/agenciabrasil.ebc.com.br\/ebc.png?id=1388922&amp;o=node\"><img decoding=\"async\" src=\"https:\/\/agenciabrasil.ebc.com.br\/ebc.gif?id=1388922&amp;o=node\"><\/p>\n\n\n\n<p>Hoje ser\u00e1 pago R$ 1,6 bilh\u00e3o do aux\u00edlio para 4 milh\u00f5es de benefici\u00e1rios nascidos em setembro, conforme o calend\u00e1rio do Ciclo 2, e a disponibiliza\u00e7\u00e3o de R$ 428,2 milh\u00f5es referentes \u00e0 primeira parcela do aux\u00edlio emergencial residual para 1,6 milh\u00e3o de benefici\u00e1rios do Bolsa Fam\u00edlia com final de NIS n\u00famero 7.<\/p>\n\n\n\n<p>Os ciclos de cr\u00e9dito em conta seguem at\u00e9 dezembro para o pagamento das parcelas definidas pelo Governo Federal para o p\u00fablico do Cad\u00danico e para quem se cadastrou pelo App Caixa | Aux\u00edlio Emergencial ou pelo&nbsp;<em>site<\/em>&nbsp;<a href=\"http:\/\/auxilio.caixa.gov.br\/\" target=\"_blank\" rel=\"noreferrer noopener\">auxilio.caixa.gov.br<\/a>.<\/p>\n\n\n\n<h2 class=\"wp-block-heading\">Atendimento<\/h2>\n\n\n\n<p>A Caixa processou 109,1 milh\u00f5es de cadastros para o aux\u00edlio emergencial. Foram 1,73 bilh\u00e3o de visitas ao&nbsp;<em>site<\/em>&nbsp;criado para o programa; mais de 120 milh\u00f5es de&nbsp;<em>downloads<\/em>&nbsp;do App Aux\u00edlio Emergencial; mais de 522 milh\u00f5es de liga\u00e7\u00f5es para central telef\u00f4nica 111 e mais de 240 milh\u00f5es de&nbsp;<em>downloads<\/em>&nbsp;do aplicativo Caixa Tem.<\/p>\n\n\n\n<p>Por Kelly Oliveira \u2013 Rep\u00f3rter da Ag\u00eancia Brasil &#8211; Bras\u00edlia<\/p>\n\n\n\n<p>Edi\u00e7\u00e3o: Val\u00e9ria Aguiar<\/p>\n","protected":false},"excerpt":{"rendered":"<p>Pagamentos visam amenizar os efeitos economicos da pandemia A Caixa alcan\u00e7a hoje (25) a marca<\/p>\n","protected":false},"author":2,"featured_media":1235,"comment_status":"open","ping_status":"open","sticky":false,"template":"","format":"standard","meta":{"footnotes":""},"categories":[14],"tags":[],"class_list":["post-1234","post","type-post","status-publish","format-standard","has-post-thumbnail","hentry","category-pais"],"_links":{"self":[{"href":"https:\/\/tvc16.com\/portal\/wp-json\/wp\/v2\/posts\/1234","targetHints":{"allow":["GET"]}}],"collection":[{"href":"https:\/\/tvc16.com\/portal\/wp-json\/wp\/v2\/posts"}],"about":[{"href":"https:\/\/tvc16.com\/portal\/wp-json\/wp\/v2\/types\/post"}],"author":[{"embeddable":true,"href":"https:\/\/tvc16.com\/portal\/wp-json\/wp\/v2\/users\/2"}],"replies":[{"embeddable":true,"href":"https:\/\/tvc16.com\/portal\/wp-json\/wp\/v2\/comments?post=1234"}],"version-history":[{"count":1,"href":"https:\/\/tvc16.com\/portal\/wp-json\/wp\/v2\/posts\/1234\/revisions"}],"predecessor-version":[{"id":1236,"href":"https:\/\/tvc16.com\/portal\/wp-json\/wp\/v2\/posts\/1234\/revisions\/1236"}],"wp:featuredmedia":[{"embeddable":true,"href":"https:\/\/tvc16.com\/portal\/wp-json\/wp\/v2\/media\/1235"}],"wp:attachment":[{"href":"https:\/\/tvc16.com\/portal\/wp-json\/wp\/v2\/media?parent=1234"}],"wp:term":[{"taxonomy":"category","embeddable":true,"href":"https:\/\/tvc16.com\/portal\/wp-json\/wp\/v2\/categories?post=1234"},{"taxonomy":"post_tag","embeddable":true,"href":"https:\/\/tvc16.com\/portal\/wp-json\/wp\/v2\/tags?post=1234"}],"curies":[{"name":"wp","href":"https:\/\/api.w.org\/{rel}","templated":true}]}}