{"id":12381,"date":"2021-04-05T14:06:58","date_gmt":"2021-04-05T17:06:58","guid":{"rendered":"https:\/\/tvc16.com\/portal\/?p=12381"},"modified":"2021-04-05T14:07:02","modified_gmt":"2021-04-05T17:07:02","slug":"devocao-da-diocese-de-petropolis-a-nossa-senhora-do-amor-divino-sera-estendida-a-toda-igreja-catolica","status":"publish","type":"post","link":"https:\/\/tvc16.com\/portal\/2021\/04\/05\/devocao-da-diocese-de-petropolis-a-nossa-senhora-do-amor-divino-sera-estendida-a-toda-igreja-catolica\/","title":{"rendered":"Devo\u00e7\u00e3o da Diocese de Petr\u00f3polis a Nossa Senhora do Amor Divino ser\u00e1 estendida a toda igreja cat\u00f3lica"},"content":{"rendered":"\n<p>Na comemora\u00e7\u00e3o dos seus 75 anos de cria\u00e7\u00e3o, a Diocese de Petr\u00f3polis ganhou um grande presente do Papa Francisco. A devo\u00e7\u00e3o diocesana a Nossa Senhora do Amor Divino ser\u00e1 estendida a toda Igreja Cat\u00f3lica com a Coroa\u00e7\u00e3o Pontif\u00edcia da imagem, com a data a ser marcada, autorizada pelo Sumo Pont\u00edfice, no dia 13 de fevereiro. Dom Greg\u00f3rio Paix\u00e3o, OSB, disse que esta \u00e9 uma grande gra\u00e7a para a igreja diocesana e para toda Igreja no Brasil, frisando que a Coroa\u00e7\u00e3o Pontif\u00edcia de Nossa Senhora do Amor Divino acontece h\u00e1 exatos 270 anos da inaugura\u00e7\u00e3o de sua primeira capela em 1751.<br>O assessor eclesi\u00e1stico para Liturgia, Padre Thomas Andrade Gimenez Dias explicou que a Coroa\u00e7\u00e3o Pontif\u00edcia \u00e9 um ato no qual uma Imagem de Nossa Senhora, \u00e0 qual est\u00e1 ligada uma importante devo\u00e7\u00e3o, \u00e9 canonicamente coroada pelo pr\u00f3prio Santo Padre ou por um bispo delegado por ele, que far\u00e1 todos os atos em nome e com a autoridade do Papa. \u201cA Santa S\u00e9 concedeu, dia 13 de fevereiro, essa gra\u00e7a \u00e0 hist\u00f3rica e milagrosa imagem de Nossa Senhora do Amor Divino, venerada no Santu\u00e1rio de Corr\u00eaas\u201d, contou o padre.<br>No Brasil, segundo o assessor eclesi\u00e1stico para Liturgia, algumas imagens de Nossa Senhora j\u00e1 receberam essa gra\u00e7a do Sumo Pont\u00edfice. \u201cPodemos citar a imagem de Nossa Senhora Aparecida, em 1904; a imagem de Nossa Senhora do Carmo, de Recife, em 1919; a imagem de Nossa Senhora do Pilar, de S\u00e3o Jo\u00e3o Del Rei, em 1954 e a imagem de Nossa Senhora do Carmo, de Mariana, em 1961. A hist\u00f3rica imagem de Nossa Senhora do Amor Divino, agora tamb\u00e9m goza desta especial condecora\u00e7\u00e3o\u201d disse Padre Thomas Andrade.<br>O Padre Thomas Andrade explicou ainda que a Coroa\u00e7\u00e3o Pontif\u00edcia \u00e9 o reconhecimento que o Papa faz de uma devo\u00e7\u00e3o Mariana, ligada a uma imagem, venerada em uma regi\u00e3o. Com esse ato, aquele t\u00edtulo mariano e a sua devo\u00e7\u00e3o ficam expandidas para todo o mundo cat\u00f3lico. \u201cCom este reconhecimento pelo Papa Francisco, a Diocese de Petr\u00f3polis \u00e9 incentivada a incrementar a Devo\u00e7\u00e3o \u00e0 Sant\u00edssima Virgem do Amor Divino, venerada na regi\u00e3o de Petr\u00f3polis desde 1751\u201d contou o assessor eclesi\u00e1stico.<br>O an\u00fancio da Coroa\u00e7\u00e3o Pontif\u00edcia da Imagem de Nossa Senhora do Amor Divino aconteceu, durante a Missa do Crisma, celebrada na manh\u00e3 do dia 1\u00ba de abril, na Catedral S\u00e3o Pedro de Alc\u00e2ntara, quando bispo diocesano, Dom Greg\u00f3rio Paix\u00e3o, OSB, abriu as comemora\u00e7\u00f5es jubilares pelos 75 anos de cria\u00e7\u00e3o da Diocese de Petr\u00f3polis. No in\u00edcio de sua homilia, Dom Greg\u00f3rio lembro dia 13 de abril de 1946, quando o Papa Pio XII em seu escrit\u00f3rio assinou a Bula \u201cPastoralis qua urgemur\u201d criando a Diocese de Petr\u00f3polis. Dois anos depois, em 1948 tomou posse como primeiro bispo, Dom Menor Pedro da Cunha Cintra que desde os primeiros dias de seu governo episcopal entregou seu minist\u00e9rio episcopal e toda Diocese aos cuidados de Nossa Senhora do Amor Divino.<br>Desde ent\u00e3o, todos os seus sucessores \u2013 Dom Jos\u00e9 Fernandes Veloso, Dom Jos\u00e9 Carlos de Lima Vaz, SJ, Dom Filippo Santoro e Dom Greg\u00f3rio Paix\u00e3o, OSB &#8211; ap\u00f3s tomarem posse como Bispo da Diocese de Petr\u00f3polis fazem quest\u00e3o de visitar a Igreja de Correas, hoje Santu\u00e1rio, onde est\u00e1 a imagem original de Nossa Senhora do Amor Divino e fazer o mesmo gesto iniciado por Dom Manoel. Al\u00e9m da Par\u00f3quia e Santu\u00e1rio de Correas, que tem Nossa Senhora do Amor Divino como padroeiro, O Semin\u00e1rio Diocesano tamb\u00e9m foi dedicado a ela.<\/p>\n\n\n\n<p>Hist\u00f3ria da Imagem<br>A estrada aberta na Serra da Estrela, no s\u00e9culo XVIII, atraiu para a regi\u00e3o serrana o casal portugu\u00eas Manoel Antunes Goul\u00e3o e Caetana de Assump\u00e7\u00e3o, com sua filha \u00fanica Brites Maria de Assump\u00e7\u00e3o. Em terras vizinhas \u00e0 da fazenda do referido casal, no Rio da Cidade, vivia o jovem Manoel Correa da Silva, portugu\u00eas, solteiro, que se casou com Brites, dos quais nasceram seus filhos. Toda a fam\u00edlia era devota de Nossa Senhora do Amor de Deus.<br>Manoel Antunes Goul\u00e3o pediu licen\u00e7a \u00e0 C\u00e2mara Eclesi\u00e1stica do Rio de Janeiro para edificar uma capela, em sua fazenda, dedica \u00e0 Nossa Senhora do Amor de Deus. Obtida a licen\u00e7a, a capela foi constru\u00edda e inaugurada em 1751. A fazenda tornou-se pr\u00f3spera, a capela muito frequentada, a prote\u00e7\u00e3o de Nossa Senhora era abundante e os primeiros milagres, pela intercess\u00e3o de Maria, foram acontecendo. Por volta de 1782, Manoel e Brites resolveram mudar a sede da fazenda para o local onde hoje se encontra o Col\u00e9gio Padre Correa. Foi nesse local que o Padre Correa, nascido em 1759, filho leg\u00edtimo de Manoel e Brites, construiu a capela dedicada a Nossa Senhora, dando-lhe o t\u00edtulo de Capela de Nossa Senhora do Amor Divino.<br>A cerca de um quil\u00f4metro da Capela do Padre Correa existia uma outra, iniciada no s\u00e9culo XIX, que passou por v\u00e1rias mudan\u00e7as estruturais ao longo das d\u00e9cadas, sendo sua \u00faltima obra datada de 1930. Para ela foram levados o antigo ret\u00e1bulo e o altar da capela constru\u00edda pelo Padre Correas, assim como a imagem de Nossa Senhora do Amor Divino.<br>Os anos passaram e Dom Manoel, Pedro da Cunha Cintra, primeiro bispo de Petr\u00f3polis, trazia no cora\u00e7\u00e3o um grande sonho: construir o Semin\u00e1rio Diocesano da rec\u00e9m-criada Diocese. Sabendo dos milagres realizados pela intercess\u00e3o de Nossa Senhora do Amor Divino, foi visitar a capela a ela dedicada. Diante da imagem se ajoelhou e pediu o milagre da constru\u00e7\u00e3o, no que foi atendido prontamente.<br>Muitos outros milagres aconteceram por intercess\u00e3o de Nossa Senhora do Amor Divino, e o povo de Deus n\u00e3o se cansa, at\u00e9 hoje, de pedir sua intercess\u00e3o, vendo alcan\u00e7adas abundantes b\u00ean\u00e7\u00e3os. Gra\u00e7as a estes feitos a Diocese de Petr\u00f3polis e seu Semin\u00e1rio tem Nossa Senhora do Amor Divino como m\u00e3e e excelsa padroeira. Por sua vez, a capela onde se encontra a imagem da Virgem do Amor Divino passou a ser par\u00f3quia em 1960 e santu\u00e1rio diocesano em 2011, um dos \u00faltimos atos de Dom Filippo Santoro, antes de sua nomea\u00e7\u00e3o arcebispo de Taranto na It\u00e1lia.<\/p>\n","protected":false},"excerpt":{"rendered":"<p>Na comemora\u00e7\u00e3o dos seus 75 anos de cria\u00e7\u00e3o, a Diocese de Petr\u00f3polis ganhou um grande<\/p>\n","protected":false},"author":2,"featured_media":12382,"comment_status":"open","ping_status":"open","sticky":false,"template":"","format":"standard","meta":{"footnotes":""},"categories":[12],"tags":[],"class_list":["post-12381","post","type-post","status-publish","format-standard","has-post-thumbnail","hentry","category-cidade"],"_links":{"self":[{"href":"https:\/\/tvc16.com\/portal\/wp-json\/wp\/v2\/posts\/12381","targetHints":{"allow":["GET"]}}],"collection":[{"href":"https:\/\/tvc16.com\/portal\/wp-json\/wp\/v2\/posts"}],"about":[{"href":"https:\/\/tvc16.com\/portal\/wp-json\/wp\/v2\/types\/post"}],"author":[{"embeddable":true,"href":"https:\/\/tvc16.com\/portal\/wp-json\/wp\/v2\/users\/2"}],"replies":[{"embeddable":true,"href":"https:\/\/tvc16.com\/portal\/wp-json\/wp\/v2\/comments?post=12381"}],"version-history":[{"count":1,"href":"https:\/\/tvc16.com\/portal\/wp-json\/wp\/v2\/posts\/12381\/revisions"}],"predecessor-version":[{"id":12383,"href":"https:\/\/tvc16.com\/portal\/wp-json\/wp\/v2\/posts\/12381\/revisions\/12383"}],"wp:featuredmedia":[{"embeddable":true,"href":"https:\/\/tvc16.com\/portal\/wp-json\/wp\/v2\/media\/12382"}],"wp:attachment":[{"href":"https:\/\/tvc16.com\/portal\/wp-json\/wp\/v2\/media?parent=12381"}],"wp:term":[{"taxonomy":"category","embeddable":true,"href":"https:\/\/tvc16.com\/portal\/wp-json\/wp\/v2\/categories?post=12381"},{"taxonomy":"post_tag","embeddable":true,"href":"https:\/\/tvc16.com\/portal\/wp-json\/wp\/v2\/tags?post=12381"}],"curies":[{"name":"wp","href":"https:\/\/api.w.org\/{rel}","templated":true}]}}