{"id":12384,"date":"2021-04-05T14:33:15","date_gmt":"2021-04-05T17:33:15","guid":{"rendered":"https:\/\/tvc16.com\/portal\/?p=12384"},"modified":"2021-04-05T14:33:18","modified_gmt":"2021-04-05T17:33:18","slug":"justica-suspende-retorno-de-aulas-presenciais-em-escolas-do-rio","status":"publish","type":"post","link":"https:\/\/tvc16.com\/portal\/2021\/04\/05\/justica-suspende-retorno-de-aulas-presenciais-em-escolas-do-rio\/","title":{"rendered":"Justi\u00e7a suspende retorno de aulas presenciais em escolas do Rio"},"content":{"rendered":"\n<h3 class=\"wp-block-heading\">Estabelecimentos estavam autorizados a abrir a partir de hoje<\/h3>\n\n\n\n<h4 class=\"wp-block-heading\">Por Vitor Abdala e Cristina Indio do Brasil &#8211; Rep\u00f3rteres da Ag\u00eancia Brasil &#8211; Rio de Janeiro<\/h4>\n\n\n\n<p>A Justi\u00e7a do Rio de Janeiro determinou a suspens\u00e3o do retorno das aulas presenciais nas escolas p\u00fablicas e privadas que funcionam no munic\u00edpio do Rio. Creches e outros estabelecimentos de ensino estavam autorizados a abrir a partir de&nbsp;hoje&nbsp;(5), por um decreto municipal, depois do feriado&nbsp;de dez&nbsp;dias no estado.<img decoding=\"async\" src=\"https:\/\/agenciabrasil.ebc.com.br\/ebc.png?id=1405824&amp;o=node\"><img decoding=\"async\" src=\"https:\/\/agenciabrasil.ebc.com.br\/ebc.gif?id=1405824&amp;o=node\"><\/p>\n\n\n\n<p>A decis\u00e3o, em car\u00e1ter liminar, foi tomada pelo Plant\u00e3o Judici\u00e1rio&nbsp;ontem&nbsp;(4), a pedido de um grupo de vereadores e deputados estaduais. O Minist\u00e9rio P\u00fablico do Rio (MPRJ) se op\u00f4s \u00e0 suspens\u00e3o.<\/p>\n\n\n\n<p>A Justi\u00e7a considerou que o munic\u00edpio do Rio est\u00e1 classificado como bandeira roxa (risco muito alto para a covid-19) e que a taxa de ocupa\u00e7\u00e3o de leitos de UTI para a doen\u00e7a\u00a0\u00e9 considerado \u201ccr\u00edtico\u201d em todo o estado.<\/p>\n\n\n\n<h2 class=\"wp-block-heading\">Prefeitura<\/h2>\n\n\n\n<p>O secret\u00e1rio municipal de Educa\u00e7\u00e3o, Renan Ferreirinha, disse que a prefeitura do Rio ainda n\u00e3o foi notificada formalmente da decis\u00e3o do plant\u00e3o judici\u00e1rio, mas assim que isso ocorrer vai entrar com recurso para tentar alterar a suspens\u00e3o das aulas na cidade. Ferreirinha disse que conversou com o prefeito Eduardo Paes sobre o assunto e da\u00ed veio a decis\u00e3o do recurso. Ele acrescentou que a Procuradoria do munic\u00edpio foi avisada e est\u00e1 reunindo os argumentos necess\u00e1rios.<\/p>\n\n\n\n<p>\u201cDecis\u00e3o judicial se aceita, se cumpre e podemos recorrer, que \u00e9 o que faremos. Nossa recomenda\u00e7\u00e3o \u00e0s institui\u00e7\u00f5es privadas \u00e9 que tamb\u00e9m fa\u00e7am isso e respeitem, enquanto uma nova decis\u00e3o n\u00e3o saia&#8221;.<\/p>\n\n\n\n<p>Segundo Ferreirinha, para permitir o funcionamento seguro das escolas no munic\u00edpio, a secretaria preparou um protocolo sanit\u00e1rio, que passou por avalia\u00e7\u00e3o do comit\u00ea cient\u00edfico da prefeitura e que segue pr\u00e1ticas mundiais e orienta\u00e7\u00f5es do Fundo das Na\u00e7\u00f5es Unidas para a Inf\u00e2ncia&nbsp;(Unicef) e da Organiza\u00e7\u00e3o das Na\u00e7\u00f5es Unidas para a Educa\u00e7\u00e3o, a Ci\u00eancia e a Cultura (Unesco).<\/p>\n\n\n\n<p>\u201cN\u00f3s, desde o come\u00e7o da gest\u00e3o, fizemos um trabalho muito cuidadoso de elaborar o melhor protocolo sanit\u00e1rio poss\u00edvel, baseado nas melhores pr\u00e1ticas mundiais sobre o retorno \u00e0s aulas, em conformidade com orienta\u00e7\u00f5es do&nbsp;Unicef, da Unesco. Montamos um comit\u00ea cient\u00edfico conduzido pelo prefeito Eduardo Paes e o secret\u00e1rio de Sa\u00fade, Daniel Soranz, que validou o protocolo e recomendou a abertura das escolas e que vem dando todo o amparo cient\u00edfico nesse processo\u201d, completou.<\/p>\n\n\n\n<p>O secret\u00e1rio destacou que, neste momento, professores e profissionais que s\u00e3o de grupos de comorbidades e acima de 60 anos est\u00e3o trabalhando em sistema remoto e n\u00e3o est\u00e3o sendo expostos. Al\u00e9m disso, nesst etapa, as aulas s\u00e3o apenas para as crian\u00e7as mais novas, entre 4 e 7 anos\u00a0em m\u00e9dia, que, de acordo com ele, s\u00e3o as que mais precisam do presencial. \u201cS\u00e3o essas escolas que abrimos antes do per\u00edodo mais restritivo e s\u00e3o com elas que estamos planejando voltar\u201d.<\/p>\n\n\n\n<p>Edi\u00e7\u00e3o: Gra\u00e7a Adjuto<\/p>\n","protected":false},"excerpt":{"rendered":"<p>Estabelecimentos estavam autorizados a abrir a partir de hoje Por Vitor Abdala e Cristina Indio<\/p>\n","protected":false},"author":2,"featured_media":12385,"comment_status":"open","ping_status":"open","sticky":false,"template":"","format":"standard","meta":{"footnotes":""},"categories":[17],"tags":[],"class_list":["post-12384","post","type-post","status-publish","format-standard","has-post-thumbnail","hentry","category-outras-noticias"],"_links":{"self":[{"href":"https:\/\/tvc16.com\/portal\/wp-json\/wp\/v2\/posts\/12384","targetHints":{"allow":["GET"]}}],"collection":[{"href":"https:\/\/tvc16.com\/portal\/wp-json\/wp\/v2\/posts"}],"about":[{"href":"https:\/\/tvc16.com\/portal\/wp-json\/wp\/v2\/types\/post"}],"author":[{"embeddable":true,"href":"https:\/\/tvc16.com\/portal\/wp-json\/wp\/v2\/users\/2"}],"replies":[{"embeddable":true,"href":"https:\/\/tvc16.com\/portal\/wp-json\/wp\/v2\/comments?post=12384"}],"version-history":[{"count":1,"href":"https:\/\/tvc16.com\/portal\/wp-json\/wp\/v2\/posts\/12384\/revisions"}],"predecessor-version":[{"id":12386,"href":"https:\/\/tvc16.com\/portal\/wp-json\/wp\/v2\/posts\/12384\/revisions\/12386"}],"wp:featuredmedia":[{"embeddable":true,"href":"https:\/\/tvc16.com\/portal\/wp-json\/wp\/v2\/media\/12385"}],"wp:attachment":[{"href":"https:\/\/tvc16.com\/portal\/wp-json\/wp\/v2\/media?parent=12384"}],"wp:term":[{"taxonomy":"category","embeddable":true,"href":"https:\/\/tvc16.com\/portal\/wp-json\/wp\/v2\/categories?post=12384"},{"taxonomy":"post_tag","embeddable":true,"href":"https:\/\/tvc16.com\/portal\/wp-json\/wp\/v2\/tags?post=12384"}],"curies":[{"name":"wp","href":"https:\/\/api.w.org\/{rel}","templated":true}]}}