{"id":12387,"date":"2021-04-05T14:34:11","date_gmt":"2021-04-05T17:34:11","guid":{"rendered":"https:\/\/tvc16.com\/portal\/?p=12387"},"modified":"2021-04-05T14:34:14","modified_gmt":"2021-04-05T17:34:14","slug":"media-de-mortes-por-covid-19-no-pais-recua-pelo-terceiro-dia","status":"publish","type":"post","link":"https:\/\/tvc16.com\/portal\/2021\/04\/05\/media-de-mortes-por-covid-19-no-pais-recua-pelo-terceiro-dia\/","title":{"rendered":"M\u00e9dia de mortes por covid-19 no pa\u00eds recua pelo terceiro dia"},"content":{"rendered":"\n<h3 class=\"wp-block-heading\">Mesmo com queda, m\u00e9dia di\u00e1ria \u00e9 quase o dobro do m\u00eas anterior<\/h3>\n\n\n\n<h4 class=\"wp-block-heading\">Por Vitor Abdala &#8211; Rep\u00f3rter da Ag\u00eancia Brasil &#8211; Rio de Janeiro<\/h4>\n\n\n\n<p>O Brasil registrou&nbsp;ontem&nbsp;(4) um recuo no n\u00famero di\u00e1rio de mortes por covid-19 pelo terceiro dia consecutivo, segundo a m\u00e9dia m\u00f3vel de sete dias divulgada pela Funda\u00e7\u00e3o Oswaldo Cruz (Fiocruz). O levantamento da Fiocruz mostra que a m\u00e9dia registrada&nbsp;ontem&nbsp;chegou a 2.747, abaixo do recorde de 3.117 \u00f3bitos apurado em 1\u00ba de abril.<img decoding=\"async\" src=\"https:\/\/agenciabrasil.ebc.com.br\/ebc.png?id=1405826&amp;o=node\"><img decoding=\"async\" src=\"https:\/\/agenciabrasil.ebc.com.br\/ebc.gif?id=1405826&amp;o=node\"><\/p>\n\n\n\n<p>Mesmo com a queda, a m\u00e9dia di\u00e1ria de mortes \u00e9 quase o dobro da registrada um m\u00eas antes (1.353). Tamb\u00e9m est\u00e1 21,6% acima do n\u00famero de 14 dias antes (2.259 \u00f3bitos).<\/p>\n\n\n\n<h2 class=\"wp-block-heading\">Novos casos<\/h2>\n\n\n\n<p>O n\u00famero di\u00e1rio de casos, segundo a m\u00e9dia m\u00f3vel de sete dias, apresentou seu quarto dia consecutivo de quedas.&nbsp;Ontem, a m\u00e9dia di\u00e1ria chegou a&nbsp;64.324, 16,6% abaixo do recorde de 77.129 registrado em&nbsp;27 de mar\u00e7o e 12,5% abaixo de 14 dias antes (73.552).<\/p>\n\n\n\n<p>Na compara\u00e7\u00e3o com um m\u00eas antes, no entanto, quando foi observada uma incid\u00eancia de 57.610 de casos, a m\u00e9dia registrada&nbsp;ontem&nbsp;apresentou uma alta de 11,6%.<\/p>\n\n\n\n<p>A m\u00e9dia de m\u00f3vel de sete dias, divulgada pela Fiocruz, \u00e9 calculada somando-se os registros do dia com os seis dias anteriores e dividindo o resultado dessa soma por sete. O n\u00famero \u00e9 diferente daquele divulgado pelo Minist\u00e9rio da Sa\u00fade, que mostra apenas as ocorr\u00eancias de um dia espec\u00edfico.<\/p>\n\n\n\n<p>Edi\u00e7\u00e3o: Maria Claudia<\/p>\n","protected":false},"excerpt":{"rendered":"<p>Mesmo com queda, m\u00e9dia di\u00e1ria \u00e9 quase o dobro do m\u00eas anterior Por Vitor Abdala<\/p>\n","protected":false},"author":2,"featured_media":12388,"comment_status":"open","ping_status":"open","sticky":false,"template":"","format":"standard","meta":{"footnotes":""},"categories":[17],"tags":[],"class_list":["post-12387","post","type-post","status-publish","format-standard","has-post-thumbnail","hentry","category-outras-noticias"],"_links":{"self":[{"href":"https:\/\/tvc16.com\/portal\/wp-json\/wp\/v2\/posts\/12387","targetHints":{"allow":["GET"]}}],"collection":[{"href":"https:\/\/tvc16.com\/portal\/wp-json\/wp\/v2\/posts"}],"about":[{"href":"https:\/\/tvc16.com\/portal\/wp-json\/wp\/v2\/types\/post"}],"author":[{"embeddable":true,"href":"https:\/\/tvc16.com\/portal\/wp-json\/wp\/v2\/users\/2"}],"replies":[{"embeddable":true,"href":"https:\/\/tvc16.com\/portal\/wp-json\/wp\/v2\/comments?post=12387"}],"version-history":[{"count":1,"href":"https:\/\/tvc16.com\/portal\/wp-json\/wp\/v2\/posts\/12387\/revisions"}],"predecessor-version":[{"id":12389,"href":"https:\/\/tvc16.com\/portal\/wp-json\/wp\/v2\/posts\/12387\/revisions\/12389"}],"wp:featuredmedia":[{"embeddable":true,"href":"https:\/\/tvc16.com\/portal\/wp-json\/wp\/v2\/media\/12388"}],"wp:attachment":[{"href":"https:\/\/tvc16.com\/portal\/wp-json\/wp\/v2\/media?parent=12387"}],"wp:term":[{"taxonomy":"category","embeddable":true,"href":"https:\/\/tvc16.com\/portal\/wp-json\/wp\/v2\/categories?post=12387"},{"taxonomy":"post_tag","embeddable":true,"href":"https:\/\/tvc16.com\/portal\/wp-json\/wp\/v2\/tags?post=12387"}],"curies":[{"name":"wp","href":"https:\/\/api.w.org\/{rel}","templated":true}]}}