{"id":12393,"date":"2021-04-05T14:36:35","date_gmt":"2021-04-05T17:36:35","guid":{"rendered":"https:\/\/tvc16.com\/portal\/?p=12393"},"modified":"2021-04-05T14:36:38","modified_gmt":"2021-04-05T17:36:38","slug":"prefeitura-do-rio-registra-10-238-autuacoes-em-acoes-de-fiscalizacao","status":"publish","type":"post","link":"https:\/\/tvc16.com\/portal\/2021\/04\/05\/prefeitura-do-rio-registra-10-238-autuacoes-em-acoes-de-fiscalizacao\/","title":{"rendered":"Prefeitura do Rio registra 10.238 autua\u00e7\u00f5es em a\u00e7\u00f5es de fiscaliza\u00e7\u00e3o"},"content":{"rendered":"\n<h3 class=\"wp-block-heading\">Decreto com medidas restritiva est\u00e1 em vigor at\u00e9 quinta-feira<\/h3>\n\n\n\n<h4 class=\"wp-block-heading\">Por Ana Cristina Campos \u2013 Rep\u00f3rter da Ag\u00eancia Brasil &#8211; Rio de Janeiro<\/h4>\n\n\n\n<p>Ap\u00f3s dez dias de fiscaliza\u00e7\u00f5es das medidas de restri\u00e7\u00e3o determinadas pelo decreto municipal, de sexta-feira (26) a domingo (4), a prefeitura do Rio de Janeiro registrou 10.238 autua\u00e7\u00f5es, como infra\u00e7\u00f5es sanit\u00e1rias, multas de tr\u00e2nsito, reboques e apreens\u00f5es de mercadorias, o fechamento de 130 estabelecimentos e 819 multas a ambulantes, restaurantes e bares.<img decoding=\"async\" src=\"https:\/\/agenciabrasil.ebc.com.br\/ebc.png?id=1405854&amp;o=node\"><img decoding=\"async\" src=\"https:\/\/agenciabrasil.ebc.com.br\/ebc.gif?id=1405854&amp;o=node\"><\/p>\n\n\n\n<p>Somente nesse domingo (4), foram registradas 1.042 autua\u00e7\u00f5es, com 211 multas a estabelecimentos e ambulantes, al\u00e9m de nove interdi\u00e7\u00f5es de bares e restaurantes, em funcionamento fora do permitido pelas determina\u00e7\u00f5es vigentes.<\/p>\n\n\n\n<p>Os comboios de fiscaliza\u00e7\u00e3o contaram com agentes da Secretaria Municipal de Ordem P\u00fablica, Guarda Municipal, Vigil\u00e2ncia Sanit\u00e1ria e apoio da Pol\u00edcia Militar em diversos pontos da cidade como Acari, Vista Alegre, Jacarepagu\u00e1, Recreio e Barra da Tijuca.<\/p>\n\n\n\n<p>As medidas restritivas do atual decreto seguir\u00e3o em vig\u00eancia at\u00e9 o fim da pr\u00f3xima quinta-feira (8). Entre os estabelecimentos proibidos de atender clientes de forma presencial est\u00e3o bares, lanchonetes, restaurantes e quiosques em geral, incluindo-se os da orla mar\u00edtima. Poder\u00e3o funcionar apenas com entregas a domic\u00edlio, drive-thru e retiradas, sendo vedado o consumo no local.<\/p>\n\n\n\n<p>As praias permanecem fechadas para banho ou perman\u00eancia na areia, sendo tolerada apenas a pr\u00e1tica de exerc\u00edcios individuais. Continua proibida a perman\u00eancia em vias p\u00fablicas das 23h \u00e0s 5h.<\/p>\n\n\n\n<p>Estabelecimentos e atividades comerciais poder\u00e3o funcionar a partir de sexta-feira (9) em hor\u00e1rios espec\u00edficos. Clubes sociais e esportivos at\u00e9 21h, com o acesso \u00e0s \u00e1reas de lazer e recrea\u00e7\u00e3o somente a partir das 11h.&nbsp;<\/p>\n\n\n\n<p>Atividades de entretenimento, como museus, cinemas, teatros, casas de festa, circos, recrea\u00e7\u00e3o infantil, parques de divers\u00f5es, pistas de patina\u00e7\u00e3o e visita\u00e7\u00f5es tur\u00edsticas podem funcionar das 12h \u00e0s 21h, assim como as demais atividades de presta\u00e7\u00e3o de servi\u00e7os.<\/p>\n\n\n\n<p>Edi\u00e7\u00e3o: Fernando Fraga<\/p>\n","protected":false},"excerpt":{"rendered":"<p>Decreto com medidas restritiva est\u00e1 em vigor at\u00e9 quinta-feira Por Ana Cristina Campos \u2013 Rep\u00f3rter<\/p>\n","protected":false},"author":2,"featured_media":12394,"comment_status":"open","ping_status":"open","sticky":false,"template":"","format":"standard","meta":{"footnotes":""},"categories":[17],"tags":[],"class_list":["post-12393","post","type-post","status-publish","format-standard","has-post-thumbnail","hentry","category-outras-noticias"],"_links":{"self":[{"href":"https:\/\/tvc16.com\/portal\/wp-json\/wp\/v2\/posts\/12393","targetHints":{"allow":["GET"]}}],"collection":[{"href":"https:\/\/tvc16.com\/portal\/wp-json\/wp\/v2\/posts"}],"about":[{"href":"https:\/\/tvc16.com\/portal\/wp-json\/wp\/v2\/types\/post"}],"author":[{"embeddable":true,"href":"https:\/\/tvc16.com\/portal\/wp-json\/wp\/v2\/users\/2"}],"replies":[{"embeddable":true,"href":"https:\/\/tvc16.com\/portal\/wp-json\/wp\/v2\/comments?post=12393"}],"version-history":[{"count":1,"href":"https:\/\/tvc16.com\/portal\/wp-json\/wp\/v2\/posts\/12393\/revisions"}],"predecessor-version":[{"id":12395,"href":"https:\/\/tvc16.com\/portal\/wp-json\/wp\/v2\/posts\/12393\/revisions\/12395"}],"wp:featuredmedia":[{"embeddable":true,"href":"https:\/\/tvc16.com\/portal\/wp-json\/wp\/v2\/media\/12394"}],"wp:attachment":[{"href":"https:\/\/tvc16.com\/portal\/wp-json\/wp\/v2\/media?parent=12393"}],"wp:term":[{"taxonomy":"category","embeddable":true,"href":"https:\/\/tvc16.com\/portal\/wp-json\/wp\/v2\/categories?post=12393"},{"taxonomy":"post_tag","embeddable":true,"href":"https:\/\/tvc16.com\/portal\/wp-json\/wp\/v2\/tags?post=12393"}],"curies":[{"name":"wp","href":"https:\/\/api.w.org\/{rel}","templated":true}]}}