{"id":12415,"date":"2021-04-05T15:41:42","date_gmt":"2021-04-05T18:41:42","guid":{"rendered":"https:\/\/tvc16.com\/portal\/?p=12415"},"modified":"2021-04-05T15:41:45","modified_gmt":"2021-04-05T18:41:45","slug":"centro-de-operacoes-vai-funcionar-em-novo-endereco-local-passa-por-obras","status":"publish","type":"post","link":"https:\/\/tvc16.com\/portal\/2021\/04\/05\/centro-de-operacoes-vai-funcionar-em-novo-endereco-local-passa-por-obras\/","title":{"rendered":"Centro de Opera\u00e7\u00f5es vai funcionar em novo endere\u00e7o. Local passa por obras"},"content":{"rendered":"\n<p>Centro Integrado de Monitoramento e Opera\u00e7\u00f5es de Petr\u00f3polis vai passar a contar com agentes de tr\u00e2nsito e acesso direto da Pol\u00edcia Civil<\/p>\n\n\n\n<p>As obras do Centro Integrado de Monitoramento e Opera\u00e7\u00f5es de Petr\u00f3polis (CIMOP) continuam. O servi\u00e7o, que passar\u00e1 a funcionar em outro endere\u00e7o, na sede da Defesa Civil, ser\u00e1 ampliado com a presen\u00e7a de agentes de tr\u00e2nsito e inclus\u00e3o do sistema de sirenes de alerta de chuva. Al\u00e9m disso, ser\u00e3o instaladas mais tr\u00eas telas para o acompanhamento das imagens e a Pol\u00edcia Civil ter\u00e1 acesso direto ao banco do sistema. Outras duas c\u00e2meras m\u00f3veis ser\u00e3o integradas ao equipamento, permitindo transmiss\u00e3o ao vivo de qualquer lugar da cidade.<\/p>\n\n\n\n<p>&#8220;A integra\u00e7\u00e3o com mais secretarias, como a CPTrans, e com o sistema de sirenes da Defesa Civil vai ampliar e melhorar o monitoramento da cidade como um todo. Al\u00e9m dessa amplia\u00e7\u00e3o, a Pol\u00edcia Civil ter\u00e1 acesso direto ao banco de imagens do CIMOP. Importante ressaltar que a inclus\u00e3o do termo \u201cmonitoramento\u201d no nome refor\u00e7a as a\u00e7\u00f5es, com aumento efetivo do monitoramento e da integra\u00e7\u00e3o. \u00c9 um ganho enorme para a cidade, n\u00e3o apenas na seguran\u00e7a, mas tamb\u00e9m no tr\u00e2nsito e atendimento de ocorr\u00eancias de maneira geral&#8221;, destacou o prefeito interino Hingo Hammes, lembrando ainda que o munic\u00edpio vai adquirir mais 20 c\u00e2meras novas.<\/p>\n\n\n\n<p>\u201cVamos usar essas c\u00e2meras m\u00f3veis, nesse primeiro momento, nas barreiras sanit\u00e1rias\u201d, explica o secret\u00e1rio de Defesa Civil e A\u00e7\u00f5es Volunt\u00e1rias, tenente-coronel Gil Kempers. \u201cMas a ideia principal \u00e9 usar para apoio nas ocorr\u00eancias de chuva, dando a dimens\u00e3o do problema nos locais de dif\u00edcil acesso. Assim, podemos acionar um n\u00famero maior de equipes caso seja necess\u00e1rio\u201d, concluiu.<\/p>\n\n\n\n<p>Al\u00e9m da parte para o monitoramento, o espa\u00e7o na Defesa Civil vai contar com outras duas salas: de imprensa e de gerenciamento de crise em caso de uma grande ocorr\u00eancia. \u201cEstamos fazendo ajustes finais para que o sistema, com todas essas novidades, esteja em opera\u00e7\u00e3o ainda essa semana. Importante ressaltar que as c\u00e2meras do centro de opera\u00e7\u00f5es j\u00e1 est\u00e3o em funcionamento\u201d, garantiu Gil Kempers.<\/p>\n\n\n\n<p>Hoje, s\u00e3o 56 c\u00e2meras espalhadas em 46 locais da cidade. Em cada ponto h\u00e1 uma c\u00e2mera que filma em alta defini\u00e7\u00e3o em at\u00e9 um quil\u00f4metro de dist\u00e2ncia, rota\u00e7\u00e3o de 360\u00ba. Tamb\u00e9m foram instaladas c\u00e2meras fixas em cinco entradas da cidade \u2013 Quitandinha, Bingen, Alto da Serra, trevo de Bonsucesso e Posse \u2013 para refor\u00e7ar o monitoramento. Estas fazem a verifica\u00e7\u00e3o de placas, possibilitando, inclusive, a identifica\u00e7\u00e3o de ve\u00edculos roubados. Na Rua Teresa, foi colocada uma c\u00e2mera que faz reconhecimento facial.<\/p>\n\n\n\n<p><\/p>\n","protected":false},"excerpt":{"rendered":"<p>Centro Integrado de Monitoramento e Opera\u00e7\u00f5es de Petr\u00f3polis vai passar a contar com agentes de<\/p>\n","protected":false},"author":2,"featured_media":12416,"comment_status":"open","ping_status":"open","sticky":false,"template":"","format":"standard","meta":{"footnotes":""},"categories":[12],"tags":[],"class_list":["post-12415","post","type-post","status-publish","format-standard","has-post-thumbnail","hentry","category-cidade"],"_links":{"self":[{"href":"https:\/\/tvc16.com\/portal\/wp-json\/wp\/v2\/posts\/12415","targetHints":{"allow":["GET"]}}],"collection":[{"href":"https:\/\/tvc16.com\/portal\/wp-json\/wp\/v2\/posts"}],"about":[{"href":"https:\/\/tvc16.com\/portal\/wp-json\/wp\/v2\/types\/post"}],"author":[{"embeddable":true,"href":"https:\/\/tvc16.com\/portal\/wp-json\/wp\/v2\/users\/2"}],"replies":[{"embeddable":true,"href":"https:\/\/tvc16.com\/portal\/wp-json\/wp\/v2\/comments?post=12415"}],"version-history":[{"count":1,"href":"https:\/\/tvc16.com\/portal\/wp-json\/wp\/v2\/posts\/12415\/revisions"}],"predecessor-version":[{"id":12417,"href":"https:\/\/tvc16.com\/portal\/wp-json\/wp\/v2\/posts\/12415\/revisions\/12417"}],"wp:featuredmedia":[{"embeddable":true,"href":"https:\/\/tvc16.com\/portal\/wp-json\/wp\/v2\/media\/12416"}],"wp:attachment":[{"href":"https:\/\/tvc16.com\/portal\/wp-json\/wp\/v2\/media?parent=12415"}],"wp:term":[{"taxonomy":"category","embeddable":true,"href":"https:\/\/tvc16.com\/portal\/wp-json\/wp\/v2\/categories?post=12415"},{"taxonomy":"post_tag","embeddable":true,"href":"https:\/\/tvc16.com\/portal\/wp-json\/wp\/v2\/tags?post=12415"}],"curies":[{"name":"wp","href":"https:\/\/api.w.org\/{rel}","templated":true}]}}