{"id":12421,"date":"2021-04-05T17:19:20","date_gmt":"2021-04-05T20:19:20","guid":{"rendered":"https:\/\/tvc16.com\/portal\/?p=12421"},"modified":"2021-04-05T17:19:22","modified_gmt":"2021-04-05T20:19:22","slug":"barreiras-sanitarias-461-veiculos-impedidos-de-entrar-na-cidade-no-fim-de-semana","status":"publish","type":"post","link":"https:\/\/tvc16.com\/portal\/2021\/04\/05\/barreiras-sanitarias-461-veiculos-impedidos-de-entrar-na-cidade-no-fim-de-semana\/","title":{"rendered":"Barreiras sanit\u00e1rias: 461 ve\u00edculos impedidos de entrar na cidade no fim de semana"},"content":{"rendered":"\n<p>As barreiras sanit\u00e1rias impediram 461 ve\u00edculos de entrar em Petr\u00f3polis entre sexta-feira (02\/04) e ontem (04). Ao todo, desde o dia 23 de mar\u00e7o, foram 1.276 carros. O controle de acesso ao munic\u00edpio acontece de forma fixa em quatro pontos: Quitandinha, Bingen, Alto da Serra e Bonsucesso. Al\u00e9m dessas, uma outra acontece de forma volante em outros pontos, como o Rocio, Posse, Duarte da Silveira, Mosela e Carangola.<\/p>\n\n\n\n<p>O trabalho realizado nas barreiras sanit\u00e1rias \u00e9 uma for\u00e7a tarefa do governo municipal e conta com equipes da CPTrans, Vigil\u00e2ncia Sanit\u00e1ria, Guarda Civil, Defesa Civil e da coordenadoria especial de Rela\u00e7\u00f5es Institucionais, por interm\u00e9dio dos agentes regionais.<\/p>\n\n\n\n<p>O objetivo da barreira sanit\u00e1ria \u00e9 diminuir a migra\u00e7\u00e3o de pessoas de fora para a cidade, buscando impedir o aumento da circula\u00e7\u00e3o e reduzir a taxa de cont\u00e1gio. A prefeitura ressalta o pedido para que as pessoas s\u00f3 saiam de suas resid\u00eancias em caso de extrema necessidade.<\/p>\n\n\n\n<p>Segundo a Secretaria de Sa\u00fade, at\u00e9 ontem (04\/04), 167 pessoas est\u00e3o internadas em leitos de UTI privados e pelo SUS. Outras 201 est\u00e3o em leitos cl\u00ednicos, considerando leitos privados e SUS, totalizando assim, 368 interna\u00e7\u00f5es em toda a rede da cidade. A ocupa\u00e7\u00e3o de leitos cl\u00ednicos pelo SUS \u00e9 de 93,10% e 97,54% em leitos de UTI.<\/p>\n","protected":false},"excerpt":{"rendered":"<p>As barreiras sanit\u00e1rias impediram 461 ve\u00edculos de entrar em Petr\u00f3polis entre sexta-feira (02\/04) e ontem<\/p>\n","protected":false},"author":2,"featured_media":12422,"comment_status":"open","ping_status":"open","sticky":false,"template":"","format":"standard","meta":{"footnotes":""},"categories":[12],"tags":[],"class_list":["post-12421","post","type-post","status-publish","format-standard","has-post-thumbnail","hentry","category-cidade"],"_links":{"self":[{"href":"https:\/\/tvc16.com\/portal\/wp-json\/wp\/v2\/posts\/12421","targetHints":{"allow":["GET"]}}],"collection":[{"href":"https:\/\/tvc16.com\/portal\/wp-json\/wp\/v2\/posts"}],"about":[{"href":"https:\/\/tvc16.com\/portal\/wp-json\/wp\/v2\/types\/post"}],"author":[{"embeddable":true,"href":"https:\/\/tvc16.com\/portal\/wp-json\/wp\/v2\/users\/2"}],"replies":[{"embeddable":true,"href":"https:\/\/tvc16.com\/portal\/wp-json\/wp\/v2\/comments?post=12421"}],"version-history":[{"count":1,"href":"https:\/\/tvc16.com\/portal\/wp-json\/wp\/v2\/posts\/12421\/revisions"}],"predecessor-version":[{"id":12423,"href":"https:\/\/tvc16.com\/portal\/wp-json\/wp\/v2\/posts\/12421\/revisions\/12423"}],"wp:featuredmedia":[{"embeddable":true,"href":"https:\/\/tvc16.com\/portal\/wp-json\/wp\/v2\/media\/12422"}],"wp:attachment":[{"href":"https:\/\/tvc16.com\/portal\/wp-json\/wp\/v2\/media?parent=12421"}],"wp:term":[{"taxonomy":"category","embeddable":true,"href":"https:\/\/tvc16.com\/portal\/wp-json\/wp\/v2\/categories?post=12421"},{"taxonomy":"post_tag","embeddable":true,"href":"https:\/\/tvc16.com\/portal\/wp-json\/wp\/v2\/tags?post=12421"}],"curies":[{"name":"wp","href":"https:\/\/api.w.org\/{rel}","templated":true}]}}