{"id":12429,"date":"2021-04-05T19:52:47","date_gmt":"2021-04-05T22:52:47","guid":{"rendered":"https:\/\/tvc16.com\/portal\/?p=12429"},"modified":"2021-04-05T19:52:50","modified_gmt":"2021-04-05T22:52:50","slug":"santander-sera-notificado-sobre-problemas-em-caixas-eletronicos","status":"publish","type":"post","link":"https:\/\/tvc16.com\/portal\/2021\/04\/05\/santander-sera-notificado-sobre-problemas-em-caixas-eletronicos\/","title":{"rendered":"Santander ser\u00e1 notificado sobre problemas em caixas eletr\u00f4nicos"},"content":{"rendered":"\n<p>O Procon Petr\u00f3polis est\u00e1 notificando o Banco Santander para que explique, em 10 dias, problemas registrados em alguns de seus terminais de caixa eletr\u00f4nico. Ap\u00f3s den\u00fancias, o \u00f3rg\u00e3o realizou na tarde desta segunda-feira (05) uma opera\u00e7\u00e3o de fiscaliza\u00e7\u00e3o para apurar as falhas e encontrou, em duas ag\u00eancias, cinco equipamentos com problemas. Na ag\u00eancia da Rua Marechal Deodoro, dos oito terminais, dois estavam fora do ar. J\u00e1 na Paulo Barbosa, das oito m\u00e1quinas existentes, tr\u00eas estavam desligadas. As equipes tamb\u00e9m estiveram na Avenida Koeller, mas, nesta, n\u00e3o constataram irregularidades: todos os equipamentos os seis equipamentos estavam em funcionamento.<\/p>\n\n\n\n<p>O Procon Petr\u00f3polis apresentar\u00e1 as notifica\u00e7\u00f5es e as ag\u00eancias ter\u00e3o o prazo de 10 dias para apresentar resposta. Podem ser autuadas com base no C\u00f3digo de Defesa do Consumidor.<\/p>\n\n\n\n<p>\u201cO Procon vai notificar o Santander por falhas reiteradas em seus terminais de autoatendimento. Neste per\u00edodo de pandemia, \u00e9 um verdadeiro absurdo que alguns deles estejam fora do ar, sobretudo em um momento como esse em que se espera, por parte dos bancos, facilidades ao consumidor que precisa manter-se afastado do interior das ag\u00eancias. Se n\u00e3o for resolvido o problema, o banco ser\u00e1 autuado por cada equipamento defeituoso, com base no artigo 20, par\u00e1grafo segundo do CDC\u201d, explicou o coordenador do Procon Petr\u00f3polis, Jorge Badia.<\/p>\n","protected":false},"excerpt":{"rendered":"<p>O Procon Petr\u00f3polis est\u00e1 notificando o Banco Santander para que explique, em 10 dias, problemas<\/p>\n","protected":false},"author":2,"featured_media":12430,"comment_status":"open","ping_status":"open","sticky":false,"template":"","format":"standard","meta":{"footnotes":""},"categories":[12],"tags":[],"class_list":["post-12429","post","type-post","status-publish","format-standard","has-post-thumbnail","hentry","category-cidade"],"_links":{"self":[{"href":"https:\/\/tvc16.com\/portal\/wp-json\/wp\/v2\/posts\/12429","targetHints":{"allow":["GET"]}}],"collection":[{"href":"https:\/\/tvc16.com\/portal\/wp-json\/wp\/v2\/posts"}],"about":[{"href":"https:\/\/tvc16.com\/portal\/wp-json\/wp\/v2\/types\/post"}],"author":[{"embeddable":true,"href":"https:\/\/tvc16.com\/portal\/wp-json\/wp\/v2\/users\/2"}],"replies":[{"embeddable":true,"href":"https:\/\/tvc16.com\/portal\/wp-json\/wp\/v2\/comments?post=12429"}],"version-history":[{"count":1,"href":"https:\/\/tvc16.com\/portal\/wp-json\/wp\/v2\/posts\/12429\/revisions"}],"predecessor-version":[{"id":12431,"href":"https:\/\/tvc16.com\/portal\/wp-json\/wp\/v2\/posts\/12429\/revisions\/12431"}],"wp:featuredmedia":[{"embeddable":true,"href":"https:\/\/tvc16.com\/portal\/wp-json\/wp\/v2\/media\/12430"}],"wp:attachment":[{"href":"https:\/\/tvc16.com\/portal\/wp-json\/wp\/v2\/media?parent=12429"}],"wp:term":[{"taxonomy":"category","embeddable":true,"href":"https:\/\/tvc16.com\/portal\/wp-json\/wp\/v2\/categories?post=12429"},{"taxonomy":"post_tag","embeddable":true,"href":"https:\/\/tvc16.com\/portal\/wp-json\/wp\/v2\/tags?post=12429"}],"curies":[{"name":"wp","href":"https:\/\/api.w.org\/{rel}","templated":true}]}}