{"id":12432,"date":"2021-04-05T19:56:29","date_gmt":"2021-04-05T22:56:29","guid":{"rendered":"https:\/\/tvc16.com\/portal\/?p=12432"},"modified":"2021-04-05T19:56:31","modified_gmt":"2021-04-05T22:56:31","slug":"secretaria-de-educacao-faz-primeira-doacao-com-itens-da-merenda-escolar-reforcando-308-cestas-basicas","status":"publish","type":"post","link":"https:\/\/tvc16.com\/portal\/2021\/04\/05\/secretaria-de-educacao-faz-primeira-doacao-com-itens-da-merenda-escolar-reforcando-308-cestas-basicas\/","title":{"rendered":"Secretaria de Educa\u00e7\u00e3o faz primeira doa\u00e7\u00e3o com itens da Merenda Escolar, refor\u00e7ando 308 cestas b\u00e1sicas"},"content":{"rendered":"\n<p><em>Itens foram entregues hoje \u00e0 Par\u00f3quia de Santo Ant\u00f4nio, no Alto da Serra, que vai montar e distribuir as cestas.<\/em><\/p>\n\n\n\n<p>A Secretaria de Educa\u00e7\u00e3o fez nesta segunda-feira (05.04) \u00e0 Par\u00f3quia de Santo Ant\u00f4nio, no Alto da Serra, a primeira doa\u00e7\u00e3o de itens da Merenda Escolar, conforme acordado no fim da semana passada com o Conselho de Alimenta\u00e7\u00e3o Escolar (CAE) e com a Comiss\u00e3o de Educa\u00e7\u00e3o da C\u00e2mara Municipal. Foram entregues itens como \u00f3leo de soja, extrato de tomate, azeite, sal iodado e milho verde enlatado. A irm\u00e3 Dilma Maria de Andrade, respons\u00e1vel pela a\u00e7\u00e3o social da igreja, disse que a doa\u00e7\u00e3o servir\u00e1 para alimentar 308 fam\u00edlias, que receber\u00e3o cestas b\u00e1sicas com os alimentos doados, al\u00e9m de outros itens complementares.<\/p>\n\n\n\n<p>\u201cEssa doa\u00e7\u00e3o foi providencial. Esses alimentos v\u00e3o nos ajudar a alimentar fam\u00edlias que est\u00e3o em estado de precariedade alimentar. S\u00e3o 308 cestas para serem entregues este m\u00eas e muitos itens doados pelo governo municipal estavam em falta para complementar os kits. Agrade\u00e7o muito\u201d, disse a irm\u00e3.&nbsp;&nbsp;<\/p>\n\n\n\n<p>Com o adiamento do retorno das aulas no sistema h\u00edbrido, nove toneladas de carnes (f\u00edgado, m\u00fasculo e patinho) e tr\u00eas toneladas de alimentos n\u00e3o perec\u00edveis ir\u00e3o abastecer os hospitais Dr. Nelson de S\u00e1 Earp (HMNSE) e Alcides Carneiro (HAC), a Secretaria de Assist\u00eancia Social, e fam\u00edlias assistidas por 30 institui\u00e7\u00f5es filantr\u00f3picas. A doa\u00e7\u00e3o dos itens foi discutida e aprovada em reuni\u00e3o na sexta-feira (02.04) com a participa\u00e7\u00e3o de representantes do governo municipal, o CAE e o Legislativo.<\/p>\n\n\n\n<p>\u201cCom essa a\u00e7\u00e3o vamos evitar o desperd\u00edcio e ajudar centenas de fam\u00edlias. Com o monitoramento feito desde janeiro do estoque de merenda foi poss\u00edvel realizar a doa\u00e7\u00e3o em um momento t\u00e3o complicado para muitas pessoas\u201d, disse o prefeito interino Hingo Hammes.<\/p>\n\n\n\n<p>Entre os itens da doa\u00e7\u00e3o est\u00e3o inclu\u00eddos azeite, \u00f3leo de soja, vinagre, sal, molho de tomate, milho e ervilha em conserva, chocolate em p\u00f3, gelatina de morango e goiabada ser\u00e3o entregues. Tamb\u00e9m h\u00e1 carnes, que, assim como os itens n\u00e3o perec\u00edveis, t\u00eam prazo de validade at\u00e9 outubro deste ano. O processo de entrega dos alimentos est\u00e1 sendo executado pela Secretaria de Educa\u00e7\u00e3o, com supervis\u00e3o da equipe de nutri\u00e7\u00e3o da ger\u00eancia de alimenta\u00e7\u00e3o.<\/p>\n","protected":false},"excerpt":{"rendered":"<p>Itens foram entregues hoje \u00e0 Par\u00f3quia de Santo Ant\u00f4nio, no Alto da Serra, que vai<\/p>\n","protected":false},"author":2,"featured_media":12433,"comment_status":"open","ping_status":"open","sticky":false,"template":"","format":"standard","meta":{"footnotes":""},"categories":[12],"tags":[],"class_list":["post-12432","post","type-post","status-publish","format-standard","has-post-thumbnail","hentry","category-cidade"],"_links":{"self":[{"href":"https:\/\/tvc16.com\/portal\/wp-json\/wp\/v2\/posts\/12432","targetHints":{"allow":["GET"]}}],"collection":[{"href":"https:\/\/tvc16.com\/portal\/wp-json\/wp\/v2\/posts"}],"about":[{"href":"https:\/\/tvc16.com\/portal\/wp-json\/wp\/v2\/types\/post"}],"author":[{"embeddable":true,"href":"https:\/\/tvc16.com\/portal\/wp-json\/wp\/v2\/users\/2"}],"replies":[{"embeddable":true,"href":"https:\/\/tvc16.com\/portal\/wp-json\/wp\/v2\/comments?post=12432"}],"version-history":[{"count":1,"href":"https:\/\/tvc16.com\/portal\/wp-json\/wp\/v2\/posts\/12432\/revisions"}],"predecessor-version":[{"id":12434,"href":"https:\/\/tvc16.com\/portal\/wp-json\/wp\/v2\/posts\/12432\/revisions\/12434"}],"wp:featuredmedia":[{"embeddable":true,"href":"https:\/\/tvc16.com\/portal\/wp-json\/wp\/v2\/media\/12433"}],"wp:attachment":[{"href":"https:\/\/tvc16.com\/portal\/wp-json\/wp\/v2\/media?parent=12432"}],"wp:term":[{"taxonomy":"category","embeddable":true,"href":"https:\/\/tvc16.com\/portal\/wp-json\/wp\/v2\/categories?post=12432"},{"taxonomy":"post_tag","embeddable":true,"href":"https:\/\/tvc16.com\/portal\/wp-json\/wp\/v2\/tags?post=12432"}],"curies":[{"name":"wp","href":"https:\/\/api.w.org\/{rel}","templated":true}]}}