{"id":12439,"date":"2021-04-06T09:58:40","date_gmt":"2021-04-06T12:58:40","guid":{"rendered":"https:\/\/tvc16.com\/portal\/?p=12439"},"modified":"2021-04-06T09:58:42","modified_gmt":"2021-04-06T12:58:42","slug":"mais-mortes-sao-registradas-na-cidade-por-covid-19","status":"publish","type":"post","link":"https:\/\/tvc16.com\/portal\/2021\/04\/06\/mais-mortes-sao-registradas-na-cidade-por-covid-19\/","title":{"rendered":"Mais mortes s\u00e3o registradas na cidade por covid-19"},"content":{"rendered":"\n<p>O boletim epidemiol\u00f3gico da Secretaria de Sa\u00fade desta segunda (05\/4) mostrou que Petr\u00f3polis fez, at\u00e9 agora, 131.534 testes para Covid-19, com 25.441 resultados positivos e 102.573 negativos (levando em considera\u00e7\u00e3o testes r\u00e1pidos e Swab). Mais 13 \u00f3bitos foram registrados nesta segunda-feira.<\/p>\n\n\n\n<p>Neste momento, 169 pessoas est\u00e3o internadas em leitos de UTI privados e pelo SUS. Outras 205 est\u00e3o em leitos cl\u00ednicos, considerando leitos privados e SUS, totalizando assim, 374 interna\u00e7\u00f5es em toda a rede da cidade. A ocupa\u00e7\u00e3o de leitos cl\u00ednicos pelo SUS \u00e9 de 88,43% e 96,69% em leitos de UTI.<\/p>\n\n\n\n<p>A Secretaria de Sa\u00fade esclarece que o n\u00famero de \u00f3bitos, hoje em 713, \u00e9 atualizado nos boletins apenas ap\u00f3s o registro do atestado de \u00f3bito e do resultado do exame do paciente no sistema da Vigil\u00e2ncia Epidemiol\u00f3gica, o que \u00e9 feito por equipe administrativa. Trata-se de medida de seguran\u00e7a para evitar erro na informa\u00e7\u00e3o divulgada pela Secretaria de Sa\u00fade.<\/p>\n\n\n\n<p>A Secretaria acrescenta, ainda, que trabalha na atualiza\u00e7\u00e3o de dados de notifica\u00e7\u00f5es e casos em an\u00e1lise no sistema, inserindo ainda dados n\u00e3o lan\u00e7ados no fim do ano passado. \u00c9 poss\u00edvel acompanhar a evolu\u00e7\u00e3o dos casos no portal da transpar\u00eancia do coronav\u00edrus, no site da Prefeitura (www.petropolis.rj.gov.br)<\/p>\n\n\n\n<p>\u00d3bitos registrados:<br>1 &#8211; Mulher, 72 anos, moradora na Castel\u00e2nea. Internada em 13\/03 no Hospital Unimed. \u00d3bito registrado em 26\/03. Paciente com hipertens\u00e3o arterial e hipotireoidismo.<\/p>\n\n\n\n<p>2 &#8211; Mulher, 40 anos, moradora na Castel\u00e2nea. Internada em 21\/03 no Hospital Unimed. \u00d3bito registrado em 26\/03. Paciente com hipertens\u00e3o arterial.<\/p>\n\n\n\n<p>3 &#8211; Mulher, 51 anos, moradora no Duarte da Silveira. Internada em 10\/03 no Hospital Unimed. \u00d3bito registrado em 29\/03. Paciente com obesidade, diabete, hipotireoidismo, esquizofrenia e hepatite C.<\/p>\n\n\n\n<p>4 &#8211; Homem, 63 anos, morador em Corr\u00eaas. Internado em 08\/03 no HST. \u00d3bito registrado em 30\/03. Paciente com hipertens\u00e3o arterial.<\/p>\n\n\n\n<p>5 &#8211; Homem, 70 anos, morador em Itaipava. Internado em 12\/03 no Hospital Unimed. \u00d3bito registrado em 30\/03. Paciente com hipertens\u00e3o arterial, diabete e doen\u00e7a arterial coronariana.<\/p>\n\n\n\n<p>6 &#8211; Mulher, 84 anos, morador no Centro. Internado em 22\/01, no HAC. \u00d3bito registrado em 01\/04. Paciente com doen\u00e7a cardiovascular cr\u00f4nica.<\/p>\n\n\n\n<p>7 &#8211; Mulher, 75 anos, moradora no Centro. Internada em 31\/03 no HAC. \u00d3bito registrado em 01\/04. Paciente com hipertens\u00e3o arterial.<\/p>\n\n\n\n<p>8 &#8211; Mulher, 61 anos, moradora em Pedro do Rio. Internada em 12\/03 na UPA Cascatinha e transferida para o HMNSE. \u00d3bito registrado em 03\/04. Paciente com hipertens\u00e3o arterial.<\/p>\n\n\n\n<p>9 &#8211; Homem, 80 anos, morador no Sim\u00e9ria. Internado em 26\/03 no HCC e transferido para o HMNSE. \u00d3bito registrado em 03\/04. Paciente com hipertens\u00e3o arterial e doen\u00e7a pulmonar obstrutiva cr\u00f4nica.<\/p>\n\n\n\n<p>10 Homem, 57 anos, morador em Araras. Internado em 17\/03, na UPA Cascatinha e transferido para o SMH. \u00d3bito registrado em 03\/04. Paciente com doen\u00e7a renal cr\u00f4nica.<\/p>\n\n\n\n<p>11 &#8211; Mulher, 71 anos, moradora em Corr\u00eaas. Internada em 16\/03, na UPA Itaipava e transferido para o SMH. \u00d3bito registrado em 03\/04. Paciente com hipertens\u00e3o arterial e doen\u00e7a pulmonar obstrutiva cr\u00f4nica.<\/p>\n\n\n\n<p>12 &#8211; Mulher, 56 anos, moradora em Itaipava. Internada em 20\/03, na UPA Cascatinha e transferida para o SMH. \u00d3bito registrado em 04\/04. Paciente com hipertens\u00e3o arterial.<\/p>\n\n\n\n<p>13 &#8211; Homem, 72 anos, morador no Morin. Internado em 22\/03 na UPA Cascatinha e transferido para o HNSA. \u00d3bito registrado em 03\/04. Paciente com diabete.<\/p>\n","protected":false},"excerpt":{"rendered":"<p>O boletim epidemiol\u00f3gico da Secretaria de Sa\u00fade desta segunda (05\/4) mostrou que Petr\u00f3polis fez, at\u00e9<\/p>\n","protected":false},"author":2,"featured_media":12440,"comment_status":"open","ping_status":"open","sticky":false,"template":"","format":"standard","meta":{"footnotes":""},"categories":[12],"tags":[],"class_list":["post-12439","post","type-post","status-publish","format-standard","has-post-thumbnail","hentry","category-cidade"],"_links":{"self":[{"href":"https:\/\/tvc16.com\/portal\/wp-json\/wp\/v2\/posts\/12439","targetHints":{"allow":["GET"]}}],"collection":[{"href":"https:\/\/tvc16.com\/portal\/wp-json\/wp\/v2\/posts"}],"about":[{"href":"https:\/\/tvc16.com\/portal\/wp-json\/wp\/v2\/types\/post"}],"author":[{"embeddable":true,"href":"https:\/\/tvc16.com\/portal\/wp-json\/wp\/v2\/users\/2"}],"replies":[{"embeddable":true,"href":"https:\/\/tvc16.com\/portal\/wp-json\/wp\/v2\/comments?post=12439"}],"version-history":[{"count":1,"href":"https:\/\/tvc16.com\/portal\/wp-json\/wp\/v2\/posts\/12439\/revisions"}],"predecessor-version":[{"id":12441,"href":"https:\/\/tvc16.com\/portal\/wp-json\/wp\/v2\/posts\/12439\/revisions\/12441"}],"wp:featuredmedia":[{"embeddable":true,"href":"https:\/\/tvc16.com\/portal\/wp-json\/wp\/v2\/media\/12440"}],"wp:attachment":[{"href":"https:\/\/tvc16.com\/portal\/wp-json\/wp\/v2\/media?parent=12439"}],"wp:term":[{"taxonomy":"category","embeddable":true,"href":"https:\/\/tvc16.com\/portal\/wp-json\/wp\/v2\/categories?post=12439"},{"taxonomy":"post_tag","embeddable":true,"href":"https:\/\/tvc16.com\/portal\/wp-json\/wp\/v2\/tags?post=12439"}],"curies":[{"name":"wp","href":"https:\/\/api.w.org\/{rel}","templated":true}]}}