{"id":12442,"date":"2021-04-06T10:05:10","date_gmt":"2021-04-06T13:05:10","guid":{"rendered":"https:\/\/tvc16.com\/portal\/?p=12442"},"modified":"2021-04-06T10:05:14","modified_gmt":"2021-04-06T13:05:14","slug":"2-488-vacinas-foram-aplicadas-nesta-segunda-feira-destas-1-959-foram-primeiras-doses","status":"publish","type":"post","link":"https:\/\/tvc16.com\/portal\/2021\/04\/06\/2-488-vacinas-foram-aplicadas-nesta-segunda-feira-destas-1-959-foram-primeiras-doses\/","title":{"rendered":"2.488 vacinas foram aplicadas nesta segunda-feira. Destas 1.959 foram primeiras doses"},"content":{"rendered":"\n<p>Nesta segunda-feira (05.04) &#8211; primeiro dia de vacina\u00e7\u00e3o de idosos com mais de 69 anos &#8211; a Secretaria de Sa\u00fade contabilizou 2.488 vacinas aplicadas pelas equipes do setor de Epidemiologia. Foram 1.959 referentes a primeiras doses e 529 a segunda dose. At\u00e9 o momento 32.942 pessoas receberam a primeira dose e outras 9.819 receberam a segunda dose do imunizante.<\/p>\n\n\n\n<p><br>Somando os vacinados nos pontos de vacina\u00e7\u00e3o do Centro, de Itaipava, do Hipershopping, do Bingen, do Petropolitano Futebol Clube, do Palmeira, da Escola Municipal Josemar Contage, da Posse e das UBSs do Quitandinha, Morin, e pelas equipes do Servi\u00e7o de Atendimento Domiciliar (SAD) e dos PSFs, foram aplicadas 1.743 idosos com a primeira dose e outros 473 com a segunda dose. Em paralelo, 272 profissionais de Sa\u00fade foram vacinados, sendo 56 com a segunda dose do imunizante.<\/p>\n\n\n\n<p><br>Nesta de segunda-feira (05\/04) a Secretaria de Sa\u00fade iniciou a vacina\u00e7\u00e3o de idosos com mais de 69 anos em 10 pontos da cidade &#8211; no Hipershopping, no Alto da Serra, no campus da Universidade Cat\u00f3lica de Petr\u00f3polis (UCP) na Rua Benjamin Constant \u2013 Centro, no Parque Municipal, em Itaipava, na UCP do Bingen, nas UBSs do Quitandinha, do Morin e na sede do Palmeira, no Itamarati, na sede do Petropolitano Futebol Clube, no Centro, na Escola Josemar Contage, em Correas e no antigo Posto de Sa\u00fade da Posse. Importante destacar que nos pontos de drive thru, idosos que chegam \u00e0 p\u00e9 tamb\u00e9m s\u00e3o vacinados.<\/p>\n","protected":false},"excerpt":{"rendered":"<p>Nesta segunda-feira (05.04) &#8211; primeiro dia de vacina\u00e7\u00e3o de idosos com mais de 69 anos<\/p>\n","protected":false},"author":2,"featured_media":12443,"comment_status":"open","ping_status":"open","sticky":false,"template":"","format":"standard","meta":{"footnotes":""},"categories":[12],"tags":[],"class_list":["post-12442","post","type-post","status-publish","format-standard","has-post-thumbnail","hentry","category-cidade"],"_links":{"self":[{"href":"https:\/\/tvc16.com\/portal\/wp-json\/wp\/v2\/posts\/12442","targetHints":{"allow":["GET"]}}],"collection":[{"href":"https:\/\/tvc16.com\/portal\/wp-json\/wp\/v2\/posts"}],"about":[{"href":"https:\/\/tvc16.com\/portal\/wp-json\/wp\/v2\/types\/post"}],"author":[{"embeddable":true,"href":"https:\/\/tvc16.com\/portal\/wp-json\/wp\/v2\/users\/2"}],"replies":[{"embeddable":true,"href":"https:\/\/tvc16.com\/portal\/wp-json\/wp\/v2\/comments?post=12442"}],"version-history":[{"count":1,"href":"https:\/\/tvc16.com\/portal\/wp-json\/wp\/v2\/posts\/12442\/revisions"}],"predecessor-version":[{"id":12444,"href":"https:\/\/tvc16.com\/portal\/wp-json\/wp\/v2\/posts\/12442\/revisions\/12444"}],"wp:featuredmedia":[{"embeddable":true,"href":"https:\/\/tvc16.com\/portal\/wp-json\/wp\/v2\/media\/12443"}],"wp:attachment":[{"href":"https:\/\/tvc16.com\/portal\/wp-json\/wp\/v2\/media?parent=12442"}],"wp:term":[{"taxonomy":"category","embeddable":true,"href":"https:\/\/tvc16.com\/portal\/wp-json\/wp\/v2\/categories?post=12442"},{"taxonomy":"post_tag","embeddable":true,"href":"https:\/\/tvc16.com\/portal\/wp-json\/wp\/v2\/tags?post=12442"}],"curies":[{"name":"wp","href":"https:\/\/api.w.org\/{rel}","templated":true}]}}