{"id":12445,"date":"2021-04-06T10:17:33","date_gmt":"2021-04-06T13:17:33","guid":{"rendered":"https:\/\/tvc16.com\/portal\/?p=12445"},"modified":"2021-04-06T10:17:36","modified_gmt":"2021-04-06T13:17:36","slug":"covid-19-cdds-dos-correios-da-mosela-e-floriano-peixoto-suspendem-atendimentos","status":"publish","type":"post","link":"https:\/\/tvc16.com\/portal\/2021\/04\/06\/covid-19-cdds-dos-correios-da-mosela-e-floriano-peixoto-suspendem-atendimentos\/","title":{"rendered":"Covid-19: Cdds dos Correios da Mosela e Floriano Peixoto suspendem atendimentos"},"content":{"rendered":"\n<p>Foto: arquivo<\/p>\n\n\n\n<p>Os Centros de Distribui\u00e7\u00e3o dos Correios (CDDs) da Mosela e da Rua Floriano Peixoto, suspenderam nesta segunda-feira (05), os atendimentos depois que funcion\u00e1rios das unidades testaram positivo para covid-19. De acordo com o secret\u00e1rio do regional do Sindicato dos Trabalhadores em Empresas de Correios e Tel\u00e9grafos, Le\u00f4nidas da Silva, tr\u00eas trabalhadores est\u00e3o com a doen\u00e7a.<\/p>\n\n\n\n<p>Por conta disso, os demais funcion\u00e1rios foram afastados por 10 dias e est\u00e3o em quarentena. Esta n\u00e3o \u00e9 a primeira vez que unidades dos Correios precisaram parar os atendimentos devido ao novo coronav\u00edrus. Pelo menos 10 funcion\u00e1rios pegaram o v\u00edrus entre dezembro e janeiro deste ano.<\/p>\n\n\n\n<p>Caso n\u00e3o ocorram mais casos nos pr\u00f3ximos 10 dias o servi\u00e7o ser\u00e1 normalizado.<\/p>\n\n\n\n<p><\/p>\n","protected":false},"excerpt":{"rendered":"<p>Foto: arquivo Os Centros de Distribui\u00e7\u00e3o dos Correios (CDDs) da Mosela e da Rua Floriano<\/p>\n","protected":false},"author":2,"featured_media":12447,"comment_status":"open","ping_status":"open","sticky":false,"template":"","format":"standard","meta":{"footnotes":""},"categories":[12],"tags":[],"class_list":["post-12445","post","type-post","status-publish","format-standard","has-post-thumbnail","hentry","category-cidade"],"_links":{"self":[{"href":"https:\/\/tvc16.com\/portal\/wp-json\/wp\/v2\/posts\/12445","targetHints":{"allow":["GET"]}}],"collection":[{"href":"https:\/\/tvc16.com\/portal\/wp-json\/wp\/v2\/posts"}],"about":[{"href":"https:\/\/tvc16.com\/portal\/wp-json\/wp\/v2\/types\/post"}],"author":[{"embeddable":true,"href":"https:\/\/tvc16.com\/portal\/wp-json\/wp\/v2\/users\/2"}],"replies":[{"embeddable":true,"href":"https:\/\/tvc16.com\/portal\/wp-json\/wp\/v2\/comments?post=12445"}],"version-history":[{"count":1,"href":"https:\/\/tvc16.com\/portal\/wp-json\/wp\/v2\/posts\/12445\/revisions"}],"predecessor-version":[{"id":12448,"href":"https:\/\/tvc16.com\/portal\/wp-json\/wp\/v2\/posts\/12445\/revisions\/12448"}],"wp:featuredmedia":[{"embeddable":true,"href":"https:\/\/tvc16.com\/portal\/wp-json\/wp\/v2\/media\/12447"}],"wp:attachment":[{"href":"https:\/\/tvc16.com\/portal\/wp-json\/wp\/v2\/media?parent=12445"}],"wp:term":[{"taxonomy":"category","embeddable":true,"href":"https:\/\/tvc16.com\/portal\/wp-json\/wp\/v2\/categories?post=12445"},{"taxonomy":"post_tag","embeddable":true,"href":"https:\/\/tvc16.com\/portal\/wp-json\/wp\/v2\/tags?post=12445"}],"curies":[{"name":"wp","href":"https:\/\/api.w.org\/{rel}","templated":true}]}}