{"id":12460,"date":"2021-04-06T11:39:56","date_gmt":"2021-04-06T14:39:56","guid":{"rendered":"https:\/\/tvc16.com\/portal\/?p=12460"},"modified":"2021-04-06T11:39:59","modified_gmt":"2021-04-06T14:39:59","slug":"justica-ouve-amanha-governador-afastado-do-rio-wilson-witzel","status":"publish","type":"post","link":"https:\/\/tvc16.com\/portal\/2021\/04\/06\/justica-ouve-amanha-governador-afastado-do-rio-wilson-witzel\/","title":{"rendered":"Justi\u00e7a ouve amanh\u00e3 governador afastado do Rio, Wilson Witzel"},"content":{"rendered":"\n<h3 class=\"wp-block-heading\">Edmar Santos, ex-secret\u00e1rio de Sa\u00fade, tamb\u00e9m ser\u00e1 ouvido<\/h3>\n\n\n\n<h4 class=\"wp-block-heading\">Por Ana Cristina Campos \u2013 Rep\u00f3rter da Ag\u00eancia Brasil &#8211; Rio de Janeiro<\/h4>\n\n\n\n<p>O presidente do Tribunal de Justi\u00e7a do Estado do Rio de Janeiro (TJRJ) e do Tribunal Especial Misto (TEM), desembargador Henrique Figueira, e o colegiado do TEM, formado por cinco desembargadores e cinco deputados estaduais, ouvem, amanh\u00e3 (7) e quinta-feira (8), o governador afastado Wilson Witzel e o ex-secret\u00e1rio estadual de Sa\u00fade, Edmar Santos, no processo de&nbsp;<em>impeachment&nbsp;<\/em>de Witzel.<img decoding=\"async\" src=\"https:\/\/agenciabrasil.ebc.com.br\/ebc.png?id=1405976&amp;o=node\"><img decoding=\"async\" src=\"https:\/\/agenciabrasil.ebc.com.br\/ebc.gif?id=1405976&amp;o=node\"><\/p>\n\n\n\n<p>Ontem (5), o ministro do Supremo Tribunal Federal (STF), Alexandre de Moraes, negou pedido da defesa do governador afastado para que o processo de impeachment fosse suspenso. Para o ministro, documentos a que a defesa pretendia ter acesso est\u00e3o protegidos pelo sigilo dos delatores e dizem respeito a pessoas e fatos que n\u00e3o envolvem Witzel.<\/p>\n\n\n\n<p>Ap\u00f3s os interrogat\u00f3rios, acusa\u00e7\u00e3o e defesa fazem suas alega\u00e7\u00f5es finais e o relator do processo, deputado estadual Waldeck Carneiro, apresenta o relat\u00f3rio final, manifestando seu voto. Os outros integrantes do Tribunal Especial Misto podem acompanhar ou n\u00e3o o voto do relator. As datas das alega\u00e7\u00f5es finais e da vota\u00e7\u00e3o ainda ser\u00e3o definidas pelo presidente do TEM, desembargador Henrique Figueira.<\/p>\n\n\n\n<p>Em agosto do ano passado, Witzel foi afastado do cargo por 180 dias em decis\u00e3o do ministro Benedito Gon\u00e7alves, do Superior Tribunal de Justi\u00e7a (STJ). O afastamento foi determinado no \u00e2mbito da Opera\u00e7\u00e3o&nbsp;<em>Tris in Idem<\/em>, um desdobramento da Opera\u00e7\u00e3o Placebo, que investiga atos de corrup\u00e7\u00e3o em contratos p\u00fablicos do governo do Rio. Desde o in\u00edcio das investiga\u00e7\u00f5es, Witzel nega o envolvimento em atos de corrup\u00e7\u00e3o e sustenta que seu afastamento n\u00e3o se justifica.<\/p>\n\n\n\n<h2 class=\"wp-block-heading\">Decis\u00e3o por unanimidade<\/h2>\n\n\n\n<p>No dia 23 de setembro de 2020, a Assembleia Legislativa do Rio de Janeiro (Alerj) aprovou &#8211; 69 votos a favor e nenhum contra &#8211; o relat\u00f3rio que pedia o&nbsp;<em>impeachment<\/em>&nbsp;de Witzel. A sess\u00e3o reuniu 69 deputados, presencialmente ou de forma remota. Um deputado estava afastado por problema de sa\u00fade.<\/p>\n\n\n\n<p>Em novembro do ano passado, o&nbsp;<a href=\"http:\/\/agenciabrasil.ebc.com.br\/justica\/noticia\/2020-11\/tribunal-misto-decide-pela-continuidade-do-processo-contra-witzel\" target=\"_blank\" rel=\"noreferrer noopener\">Tribunal Especial Misto<\/a>&nbsp;acolheu, por unanimidade, a den\u00fancia para o prosseguimento do processo de impeachment do governador afastado. Na sess\u00e3o, a comiss\u00e3o decidiu tamb\u00e9m pelo corte de um ter\u00e7o do sal\u00e1rio de Witzel e que ele deixasse, junto com a fam\u00edlia, a resid\u00eancia oficial do governo do Estado, no Pal\u00e1cio Laranjeiras.<\/p>\n\n\n\n<p>As sess\u00f5es do Tribunal Misto&nbsp;<a href=\"http:\/\/agenciabrasil.ebc.com.br\/justica\/noticia\/2020-12\/stf-suspende-depoimento-de-witzel-em-processo-de-impeachment\" target=\"_blank\" rel=\"noreferrer noopener\">estavam suspensas<\/a>&nbsp;desde o dia 28 de dezembro por determina\u00e7\u00e3o do ministro Alexandre de Moraes. Na ocasi\u00e3o, o ministro atendeu ao pedido da defesa de Wilson Witzel e determinou que o interrogat\u00f3rio do governador afastado s\u00f3 seria poss\u00edvel&nbsp;<a href=\"http:\/\/agenciabrasil.ebc.com.br\/justica\/noticia\/2021-03\/caso-witzel-alerj-e-defesa-acessam-delacao-que-estava-em-sigilo\" target=\"_blank\" rel=\"noreferrer noopener\">depois que os advogados<\/a>&nbsp;de Witzel tivessem acesso a todos os documentos remetidos pelo Superior do Tribunal de Justi\u00e7a (STJ) relativos ao governador, o que inclu\u00eda a dela\u00e7\u00e3o premiada do ex-secret\u00e1rio Edmar Santos. Moraes tamb\u00e9m ordenou que um novo depoimento de Edmar fosse tomado.<\/p>\n\n\n\n<p>Edi\u00e7\u00e3o: Kleber Sampaio<\/p>\n","protected":false},"excerpt":{"rendered":"<p>Edmar Santos, ex-secret\u00e1rio de Sa\u00fade, tamb\u00e9m ser\u00e1 ouvido Por Ana Cristina Campos \u2013 Rep\u00f3rter da<\/p>\n","protected":false},"author":2,"featured_media":12461,"comment_status":"open","ping_status":"open","sticky":false,"template":"","format":"standard","meta":{"footnotes":""},"categories":[17],"tags":[],"class_list":["post-12460","post","type-post","status-publish","format-standard","has-post-thumbnail","hentry","category-outras-noticias"],"_links":{"self":[{"href":"https:\/\/tvc16.com\/portal\/wp-json\/wp\/v2\/posts\/12460","targetHints":{"allow":["GET"]}}],"collection":[{"href":"https:\/\/tvc16.com\/portal\/wp-json\/wp\/v2\/posts"}],"about":[{"href":"https:\/\/tvc16.com\/portal\/wp-json\/wp\/v2\/types\/post"}],"author":[{"embeddable":true,"href":"https:\/\/tvc16.com\/portal\/wp-json\/wp\/v2\/users\/2"}],"replies":[{"embeddable":true,"href":"https:\/\/tvc16.com\/portal\/wp-json\/wp\/v2\/comments?post=12460"}],"version-history":[{"count":1,"href":"https:\/\/tvc16.com\/portal\/wp-json\/wp\/v2\/posts\/12460\/revisions"}],"predecessor-version":[{"id":12462,"href":"https:\/\/tvc16.com\/portal\/wp-json\/wp\/v2\/posts\/12460\/revisions\/12462"}],"wp:featuredmedia":[{"embeddable":true,"href":"https:\/\/tvc16.com\/portal\/wp-json\/wp\/v2\/media\/12461"}],"wp:attachment":[{"href":"https:\/\/tvc16.com\/portal\/wp-json\/wp\/v2\/media?parent=12460"}],"wp:term":[{"taxonomy":"category","embeddable":true,"href":"https:\/\/tvc16.com\/portal\/wp-json\/wp\/v2\/categories?post=12460"},{"taxonomy":"post_tag","embeddable":true,"href":"https:\/\/tvc16.com\/portal\/wp-json\/wp\/v2\/tags?post=12460"}],"curies":[{"name":"wp","href":"https:\/\/api.w.org\/{rel}","templated":true}]}}