{"id":12463,"date":"2021-04-06T11:42:51","date_gmt":"2021-04-06T14:42:51","guid":{"rendered":"https:\/\/tvc16.com\/portal\/?p=12463"},"modified":"2021-04-06T17:12:09","modified_gmt":"2021-04-06T20:12:09","slug":"ibge-suspende-provas-para-recenseadores-do-censo-2021","status":"publish","type":"post","link":"https:\/\/tvc16.com\/portal\/2021\/04\/06\/ibge-suspende-provas-para-recenseadores-do-censo-2021\/","title":{"rendered":"IBGE suspende provas para recenseadores do Censo 2021"},"content":{"rendered":"\n<h3 class=\"wp-block-heading\">As datas estavam programadas no edital (18 e 25 de abril)<\/h3>\n\n\n\n<h4 class=\"wp-block-heading\">Por Vitor Abdala &#8211; Rep\u00f3rter da Ag\u00eancia Brasil &#8211; Rio de Janeiro<\/h4>\n\n\n\n<p>O Instituto Brasileiro de Geografia e Estat\u00edstica (IBGE) decidiu suspender as provas do processo seletivo para recenseadores e agentes censit\u00e1rios que trabalhariam no Censo 2021. De acordo com o instituto, portanto, as provas n\u00e3o ser\u00e3o mais realizadas nas datas programadas no edital (18 e 25 de abril).<img decoding=\"async\" src=\"https:\/\/agenciabrasil.ebc.com.br\/ebc.png?id=1405980&amp;o=node\"><img decoding=\"async\" src=\"https:\/\/agenciabrasil.ebc.com.br\/ebc.gif?id=1405980&amp;o=node\"><\/p>\n\n\n\n<p>A decis\u00e3o de suspender as provas foi tomada, segundo o IBGE, devido ao corte de 96% dos recursos previstos no Or\u00e7amento Geral da Uni\u00e3o para a realiza\u00e7\u00e3o do Censo Demogr\u00e1fico, previsto para este ano.<\/p>\n\n\n\n<p>O IBGE destacou, no entanto, que o processo seletivo n\u00e3o foi cancelado e informou que avaliar\u00e1, junto com o Cebraspe, empresa organizadora do concurso, um novo planejamento para aplica\u00e7\u00e3o das provas, a \u201cdepender de um posicionamento do Minist\u00e9rio da Economia acerca do or\u00e7amento do Censo Demogr\u00e1fico\u201d.<\/p>\n\n\n\n<p>O concurso para trabalhadores do Censo 2021 oferece cerca de 17 mil vagas para agentes censit\u00e1rios e 182 mil vagas para recenseadores.<\/p>\n\n\n\n<p>Edi\u00e7\u00e3o: Val\u00e9ria Aguiar<\/p>\n","protected":false},"excerpt":{"rendered":"<p>As datas estavam programadas no edital (18 e 25 de abril) Por Vitor Abdala &#8211;<\/p>\n","protected":false},"author":2,"featured_media":12464,"comment_status":"open","ping_status":"open","sticky":false,"template":"","format":"standard","meta":{"footnotes":""},"categories":[17],"tags":[],"class_list":["post-12463","post","type-post","status-publish","format-standard","has-post-thumbnail","hentry","category-outras-noticias"],"_links":{"self":[{"href":"https:\/\/tvc16.com\/portal\/wp-json\/wp\/v2\/posts\/12463","targetHints":{"allow":["GET"]}}],"collection":[{"href":"https:\/\/tvc16.com\/portal\/wp-json\/wp\/v2\/posts"}],"about":[{"href":"https:\/\/tvc16.com\/portal\/wp-json\/wp\/v2\/types\/post"}],"author":[{"embeddable":true,"href":"https:\/\/tvc16.com\/portal\/wp-json\/wp\/v2\/users\/2"}],"replies":[{"embeddable":true,"href":"https:\/\/tvc16.com\/portal\/wp-json\/wp\/v2\/comments?post=12463"}],"version-history":[{"count":1,"href":"https:\/\/tvc16.com\/portal\/wp-json\/wp\/v2\/posts\/12463\/revisions"}],"predecessor-version":[{"id":12465,"href":"https:\/\/tvc16.com\/portal\/wp-json\/wp\/v2\/posts\/12463\/revisions\/12465"}],"wp:featuredmedia":[{"embeddable":true,"href":"https:\/\/tvc16.com\/portal\/wp-json\/wp\/v2\/media\/12464"}],"wp:attachment":[{"href":"https:\/\/tvc16.com\/portal\/wp-json\/wp\/v2\/media?parent=12463"}],"wp:term":[{"taxonomy":"category","embeddable":true,"href":"https:\/\/tvc16.com\/portal\/wp-json\/wp\/v2\/categories?post=12463"},{"taxonomy":"post_tag","embeddable":true,"href":"https:\/\/tvc16.com\/portal\/wp-json\/wp\/v2\/tags?post=12463"}],"curies":[{"name":"wp","href":"https:\/\/api.w.org\/{rel}","templated":true}]}}