{"id":12469,"date":"2021-04-06T11:46:38","date_gmt":"2021-04-06T14:46:38","guid":{"rendered":"https:\/\/tvc16.com\/portal\/?p=12469"},"modified":"2021-04-06T11:46:41","modified_gmt":"2021-04-06T14:46:41","slug":"nova-rodada-do-auxilio-emergencial-comeca-a-ser-paga-hoje","status":"publish","type":"post","link":"https:\/\/tvc16.com\/portal\/2021\/04\/06\/nova-rodada-do-auxilio-emergencial-comeca-a-ser-paga-hoje\/","title":{"rendered":"Nova rodada do aux\u00edlio emergencial come\u00e7a a ser paga&nbsp;hoje"},"content":{"rendered":"\n<h3 class=\"wp-block-heading\">Cerca de 45,6 milh\u00f5es de brasileiros receber\u00e3o quatro parcelas<\/h3>\n\n\n\n<h4 class=\"wp-block-heading\">Por Wellton M\u00e1ximo &#8211; Rep\u00f3rter da Ag\u00eancia Brasil &#8211; Bras\u00edlia<\/h4>\n\n\n\n<p>Cerca de 45,6 milh\u00f5es de brasileiros come\u00e7am a receber&nbsp;hoje&nbsp;(6) a nova rodada do aux\u00edlio emergencial. O benef\u00edcio&nbsp;ter\u00e1 parcelas de R$ 150 a R$ 375, dependendo da fam\u00edlia.<img decoding=\"async\" src=\"https:\/\/agenciabrasil.ebc.com.br\/ebc.png?id=1405959&amp;o=node\"><img decoding=\"async\" src=\"https:\/\/agenciabrasil.ebc.com.br\/ebc.gif?id=1405959&amp;o=node\"><\/p>\n\n\n\n<p>O aux\u00edlio ser\u00e1 pago a quem recebia o benef\u00edcio em dezembro de 2020. Tamb\u00e9m \u00e9 necess\u00e1rio cumprir outros requisitos para&nbsp;ter&nbsp;direito \u00e0 nova rodada.<\/p>\n\n\n\n<figure class=\"wp-block-image\"><img decoding=\"async\" src=\"https:\/\/imagens.ebc.com.br\/4IBzpDsiwkr5L0nxQ2-_tgBE7tI=\/754x0\/smart\/https:\/\/agenciabrasil.ebc.com.br\/sites\/default\/files\/thumbnails\/image\/calendario_auxilio_parcelas_consolidado_geral.png?itok=qkKb1gnj\" alt=\"Calend\u00e1rio de pagamento das parcelas do aux\u00edlio emergencial.\" title=\"Arte\/Ag\u00eancia Brasil\"\/><\/figure>\n\n\n\n<p>Calend\u00e1rio de pagamento das parcelas do aux\u00edlio emergencial. &#8211; Arte\/Ag\u00eancia Brasil<\/p>\n\n\n\n<figure class=\"wp-block-image\"><img decoding=\"async\" src=\"https:\/\/imagens.ebc.com.br\/iWAPAbOMOnD0zL6LinZRVjocm-c=\/754x0\/smart\/https:\/\/agenciabrasil.ebc.com.br\/sites\/default\/files\/thumbnails\/image\/calendario_auxilio_parcelas_consolidado_geral-dinheiro.png?itok=iyok1Y45\" alt=\"Calend\u00e1rio de pagamento das parcelas do aux\u00edlio emergencial.\" title=\"Arte\/Ag\u00eancia Brasil\"\/><\/figure>\n\n\n\n<p>Calend\u00e1rio de pagamento das parcelas do aux\u00edlio emergencial. &#8211;&nbsp;<strong>Arte\/Ag\u00eancia Brasil<\/strong><\/p>\n\n\n\n<figure class=\"wp-block-image\"><img decoding=\"async\" src=\"https:\/\/imagens.ebc.com.br\/C3BYm65pHy6gc_JInbCiAsrz8bE=\/754x0\/smart\/https:\/\/agenciabrasil.ebc.com.br\/sites\/default\/files\/thumbnails\/image\/calendario_auxilio_parcelas_consolidado_bolsa-familia.png?itok=8dSYWK4C\" alt=\"Calend\u00e1rio de pagamento das parcelas do aux\u00edlio emergencial.\" title=\"Arte\/Ag\u00eancia Brasil\"\/><\/figure>\n\n\n\n<p>Calend\u00e1rio de pagamento das parcelas do aux\u00edlio emergencial. &#8211;&nbsp;<strong>Arte\/Ag\u00eancia Brasil<\/strong><\/p>\n\n\n\n<p>O calend\u00e1rio de pagamentos foi divulgado pelo governo na semana passada.&nbsp;Hoje&nbsp;come\u00e7am a receber os trabalhadores informais e inscritos no Cadastro \u00danico de Programas Sociais do Governo Federal (Cad\u00danico) nascidos em janeiro. O dinheiro ser\u00e1 depositado nas contas poupan\u00e7a digitais e poder\u00e1 ser movimentado pelo aplicativo Caixa Tem. Somente de duas a quatro semanas ap\u00f3s o dep\u00f3sito, o dinheiro poder\u00e1 ser sacado em esp\u00e9cie ou transferido para uma conta corrente.<\/p>\n\n\n\n<p>Para os benefici\u00e1rios do Bolsa Fam\u00edlia, o pagamento ocorre de forma distinta. Os inscritos podem sacar diretamente o dinheiro nos dez \u00faltimos dias \u00fateis de cada m\u00eas, com base no d\u00edgito final do N\u00famero de Inscri\u00e7\u00e3o Social (NIS). O aux\u00edlio emergencial somente ser\u00e1 pago quando o valor for superior ao benef\u00edcio do programa social.<br><br>A&nbsp;<strong>Ag\u00eancia Brasil<\/strong>&nbsp;elaborou um&nbsp;<a href=\"https:\/\/agenciabrasil.ebc.com.br\/economia\/noticia\/2021-04\/agencia-brasil-explica-nova-rodada-do-auxilio-emergencial\" target=\"_blank\" rel=\"noreferrer noopener\">guia de perguntas e respostas<\/a>&nbsp;sobre o aux\u00edlio emergencial. Entre as d\u00favidas que o benefici\u00e1rio pode tirar est\u00e3o os crit\u00e9rios para receber o benef\u00edcio, a regulariza\u00e7\u00e3o do CPF e os crit\u00e9rios de desempate dentro da mesma fam\u00edlia para&nbsp;ter&nbsp;acesso ao aux\u00edlio.<\/p>\n\n\n\n<p>Edi\u00e7\u00e3o: Gra\u00e7a Adjuto<\/p>\n","protected":false},"excerpt":{"rendered":"<p>Cerca de 45,6 milh\u00f5es de brasileiros receber\u00e3o quatro parcelas Por Wellton M\u00e1ximo &#8211; Rep\u00f3rter da<\/p>\n","protected":false},"author":2,"featured_media":12470,"comment_status":"open","ping_status":"open","sticky":false,"template":"","format":"standard","meta":{"footnotes":""},"categories":[17],"tags":[],"class_list":["post-12469","post","type-post","status-publish","format-standard","has-post-thumbnail","hentry","category-outras-noticias"],"_links":{"self":[{"href":"https:\/\/tvc16.com\/portal\/wp-json\/wp\/v2\/posts\/12469","targetHints":{"allow":["GET"]}}],"collection":[{"href":"https:\/\/tvc16.com\/portal\/wp-json\/wp\/v2\/posts"}],"about":[{"href":"https:\/\/tvc16.com\/portal\/wp-json\/wp\/v2\/types\/post"}],"author":[{"embeddable":true,"href":"https:\/\/tvc16.com\/portal\/wp-json\/wp\/v2\/users\/2"}],"replies":[{"embeddable":true,"href":"https:\/\/tvc16.com\/portal\/wp-json\/wp\/v2\/comments?post=12469"}],"version-history":[{"count":1,"href":"https:\/\/tvc16.com\/portal\/wp-json\/wp\/v2\/posts\/12469\/revisions"}],"predecessor-version":[{"id":12471,"href":"https:\/\/tvc16.com\/portal\/wp-json\/wp\/v2\/posts\/12469\/revisions\/12471"}],"wp:featuredmedia":[{"embeddable":true,"href":"https:\/\/tvc16.com\/portal\/wp-json\/wp\/v2\/media\/12470"}],"wp:attachment":[{"href":"https:\/\/tvc16.com\/portal\/wp-json\/wp\/v2\/media?parent=12469"}],"wp:term":[{"taxonomy":"category","embeddable":true,"href":"https:\/\/tvc16.com\/portal\/wp-json\/wp\/v2\/categories?post=12469"},{"taxonomy":"post_tag","embeddable":true,"href":"https:\/\/tvc16.com\/portal\/wp-json\/wp\/v2\/tags?post=12469"}],"curies":[{"name":"wp","href":"https:\/\/api.w.org\/{rel}","templated":true}]}}