{"id":12478,"date":"2021-04-06T11:51:26","date_gmt":"2021-04-06T14:51:26","guid":{"rendered":"https:\/\/tvc16.com\/portal\/?p=12478"},"modified":"2021-04-06T11:51:29","modified_gmt":"2021-04-06T14:51:29","slug":"inflacao-para-familias-com-renda-baixa-sobe-para-de-082-em-marco","status":"publish","type":"post","link":"https:\/\/tvc16.com\/portal\/2021\/04\/06\/inflacao-para-familias-com-renda-baixa-sobe-para-de-082-em-marco\/","title":{"rendered":"Infla\u00e7\u00e3o para fam\u00edlias com renda baixa sobe para de 0,82% em mar\u00e7o"},"content":{"rendered":"\n<h3 class=\"wp-block-heading\">\u00cdndice \u00e9 maior que o de fevereiro (0,40%)<\/h3>\n\n\n\n<h4 class=\"wp-block-heading\">08:52 Por Vitor Abdala &#8211; Rep\u00f3rter da Ag\u00eancia Brasil &#8211; Rio de Janeiro<\/h4>\n\n\n\n<p>O \u00cdndice de Pre\u00e7os ao Consumidor\u2013Classe 1 (IPC-C1), que mede a varia\u00e7\u00e3o da cesta de compras de fam\u00edlias com renda at\u00e9 2,5 sal\u00e1rios m\u00ednimos, teve infla\u00e7\u00e3o de 0,82% em mar\u00e7o deste ano. A taxa \u00e9 maior que as apuradas em fevereiro deste ano (0,40%) e em mar\u00e7o do ano passado (0,49%).<img decoding=\"async\" src=\"https:\/\/agenciabrasil.ebc.com.br\/ebc.png?id=1405967&amp;o=node\"><img decoding=\"async\" src=\"https:\/\/agenciabrasil.ebc.com.br\/ebc.gif?id=1405967&amp;o=node\"><\/p>\n\n\n\n<p>Segundo a Funda\u00e7\u00e3o Getulio Vargas (FGV), o IPC-C1 acumula infla\u00e7\u00e3o de 1,38% no ano e de 6,63% em 12 meses.<\/p>\n\n\n\n<p>O \u00cdndice de Pre\u00e7os ao Consumidor\u2013Brasil (IPC-BR), que mede a infla\u00e7\u00e3o para todas as faixas de renda, foi de 1% em mar\u00e7o e de 6,10% em 12 meses.<\/p>\n\n\n\n<p>Os grupos de despesas que mais impactaram a infla\u00e7\u00e3o medida pelo IPC-C1 foram transportes (3,52%), habita\u00e7\u00e3o (0,80%) e sa\u00fade e cuidados pessoais (0,52%). Outros grupos com infla\u00e7\u00e3o foram despesas diversas (0,30%) e vestu\u00e1rio (0,02%).<\/p>\n\n\n\n<p>Por outro lado, tr\u00eas grupos registraram defla\u00e7\u00e3o (queda de pre\u00e7os): alimenta\u00e7\u00e3o (-0,09%), educa\u00e7\u00e3o, leitura e recrea\u00e7\u00e3o (-0,12%) e comunica\u00e7\u00e3o (-0,01%).<\/p>\n\n\n\n<p>O IPC-C1 \u00e9 calculado com base em pre\u00e7os coletados em sete capitais: S\u00e3o Paulo, Rio de Janeiro, Bras\u00edlia, Belo Horizonte, Salvador, Recife e Porto Alegre.<\/p>\n\n\n\n<p>Edi\u00e7\u00e3o: Kleber Sampaio<\/p>\n","protected":false},"excerpt":{"rendered":"<p>\u00cdndice \u00e9 maior que o de fevereiro (0,40%) 08:52 Por Vitor Abdala &#8211; Rep\u00f3rter da<\/p>\n","protected":false},"author":2,"featured_media":12479,"comment_status":"open","ping_status":"open","sticky":false,"template":"","format":"standard","meta":{"footnotes":""},"categories":[17],"tags":[],"class_list":["post-12478","post","type-post","status-publish","format-standard","has-post-thumbnail","hentry","category-outras-noticias"],"_links":{"self":[{"href":"https:\/\/tvc16.com\/portal\/wp-json\/wp\/v2\/posts\/12478","targetHints":{"allow":["GET"]}}],"collection":[{"href":"https:\/\/tvc16.com\/portal\/wp-json\/wp\/v2\/posts"}],"about":[{"href":"https:\/\/tvc16.com\/portal\/wp-json\/wp\/v2\/types\/post"}],"author":[{"embeddable":true,"href":"https:\/\/tvc16.com\/portal\/wp-json\/wp\/v2\/users\/2"}],"replies":[{"embeddable":true,"href":"https:\/\/tvc16.com\/portal\/wp-json\/wp\/v2\/comments?post=12478"}],"version-history":[{"count":1,"href":"https:\/\/tvc16.com\/portal\/wp-json\/wp\/v2\/posts\/12478\/revisions"}],"predecessor-version":[{"id":12480,"href":"https:\/\/tvc16.com\/portal\/wp-json\/wp\/v2\/posts\/12478\/revisions\/12480"}],"wp:featuredmedia":[{"embeddable":true,"href":"https:\/\/tvc16.com\/portal\/wp-json\/wp\/v2\/media\/12479"}],"wp:attachment":[{"href":"https:\/\/tvc16.com\/portal\/wp-json\/wp\/v2\/media?parent=12478"}],"wp:term":[{"taxonomy":"category","embeddable":true,"href":"https:\/\/tvc16.com\/portal\/wp-json\/wp\/v2\/categories?post=12478"},{"taxonomy":"post_tag","embeddable":true,"href":"https:\/\/tvc16.com\/portal\/wp-json\/wp\/v2\/tags?post=12478"}],"curies":[{"name":"wp","href":"https:\/\/api.w.org\/{rel}","templated":true}]}}