{"id":12484,"date":"2021-04-06T11:53:15","date_gmt":"2021-04-06T14:53:15","guid":{"rendered":"https:\/\/tvc16.com\/portal\/?p=12484"},"modified":"2021-04-06T11:53:17","modified_gmt":"2021-04-06T14:53:17","slug":"campanha-pretende-arrecadar-2-milhoes-de-cestas-basicas","status":"publish","type":"post","link":"https:\/\/tvc16.com\/portal\/2021\/04\/06\/campanha-pretende-arrecadar-2-milhoes-de-cestas-basicas\/","title":{"rendered":"Campanha pretende arrecadar 2 milh\u00f5es de cestas b\u00e1sicas"},"content":{"rendered":"\n<h3 class=\"wp-block-heading\">Pesquisa da Cufa mostra que piorou alimenta\u00e7\u00e3o em comunidades carentes<\/h3>\n\n\n\n<h4 class=\"wp-block-heading\">Por Vitor Abdala &#8211; Rep\u00f3rter da Ag\u00eancia Brasil &#8211; Rio de Janeiro<\/h4>\n\n\n\n<p>Uma pesquisa da Central \u00danica das Favelas (Cufa) mostrou que v\u00e1rias pessoas que vivem em comunidades carentes no Brasil tiveram piora em sua alimenta\u00e7\u00e3o em 2021 em decorr\u00eancia da pandemia de covid-19.<img decoding=\"async\" src=\"https:\/\/agenciabrasil.ebc.com.br\/ebc.png?id=1405961&amp;o=node\"><img decoding=\"async\" src=\"https:\/\/agenciabrasil.ebc.com.br\/ebc.gif?id=1405961&amp;o=node\"><\/p>\n\n\n\n<p>Segundo a pesquisa, 68% das pessoas entrevistadas&nbsp;afirmaram que, em um per\u00edodo de duas semanas, faltou dinheiro para comprar comida em, pelo menos, um dia.<\/p>\n\n\n\n<p>Para aliviar essa situa\u00e7\u00e3o, a Cufa se uniu \u00e0s organiza\u00e7\u00f5es n\u00e3o governamentais (ONGs) Gerando Falc\u00f5es e Frente Nacional Antifascista e \u00e0 Organiza\u00e7\u00e3o das Na\u00e7\u00f5es Unidas para a Educa\u00e7\u00e3o, a Ci\u00eancia e a Cultura (Unesco) para promover a campanha Panela Cheia.<\/p>\n\n\n\n<p>A campanha est\u00e1 recebendo recursos para comprar cestas b\u00e1sicas para as fam\u00edlias mais afetadas pela fome. A meta \u00e9 garantir a compra de 2 milh\u00f5es de cestas, que ser\u00e3o distribu\u00eddas em todo o pa\u00eds.<\/p>\n\n\n\n<p>Para fazer sua doa\u00e7\u00e3o, basta acessar o&nbsp;<a href=\"http:\/\/www.panelacheiasalva.com.br\/\" target=\"_blank\" rel=\"noreferrer noopener\"><em>site<\/em>&nbsp;da campanha<\/a>&nbsp;, escolher a ONG que receber\u00e1 o dinheiro e o valor a ser doado. Empresas tamb\u00e9m podem contribuir diretamente com a entrega de itens de necessidade b\u00e1sica.<\/p>\n\n\n\n<p>Edi\u00e7\u00e3o: Gra\u00e7a Adjuto<\/p>\n","protected":false},"excerpt":{"rendered":"<p>Pesquisa da Cufa mostra que piorou alimenta\u00e7\u00e3o em comunidades carentes Por Vitor Abdala &#8211; Rep\u00f3rter<\/p>\n","protected":false},"author":2,"featured_media":12485,"comment_status":"open","ping_status":"open","sticky":false,"template":"","format":"standard","meta":{"footnotes":""},"categories":[17],"tags":[],"class_list":["post-12484","post","type-post","status-publish","format-standard","has-post-thumbnail","hentry","category-outras-noticias"],"_links":{"self":[{"href":"https:\/\/tvc16.com\/portal\/wp-json\/wp\/v2\/posts\/12484","targetHints":{"allow":["GET"]}}],"collection":[{"href":"https:\/\/tvc16.com\/portal\/wp-json\/wp\/v2\/posts"}],"about":[{"href":"https:\/\/tvc16.com\/portal\/wp-json\/wp\/v2\/types\/post"}],"author":[{"embeddable":true,"href":"https:\/\/tvc16.com\/portal\/wp-json\/wp\/v2\/users\/2"}],"replies":[{"embeddable":true,"href":"https:\/\/tvc16.com\/portal\/wp-json\/wp\/v2\/comments?post=12484"}],"version-history":[{"count":1,"href":"https:\/\/tvc16.com\/portal\/wp-json\/wp\/v2\/posts\/12484\/revisions"}],"predecessor-version":[{"id":12486,"href":"https:\/\/tvc16.com\/portal\/wp-json\/wp\/v2\/posts\/12484\/revisions\/12486"}],"wp:featuredmedia":[{"embeddable":true,"href":"https:\/\/tvc16.com\/portal\/wp-json\/wp\/v2\/media\/12485"}],"wp:attachment":[{"href":"https:\/\/tvc16.com\/portal\/wp-json\/wp\/v2\/media?parent=12484"}],"wp:term":[{"taxonomy":"category","embeddable":true,"href":"https:\/\/tvc16.com\/portal\/wp-json\/wp\/v2\/categories?post=12484"},{"taxonomy":"post_tag","embeddable":true,"href":"https:\/\/tvc16.com\/portal\/wp-json\/wp\/v2\/tags?post=12484"}],"curies":[{"name":"wp","href":"https:\/\/api.w.org\/{rel}","templated":true}]}}