{"id":1249,"date":"2020-09-25T15:35:02","date_gmt":"2020-09-25T15:35:02","guid":{"rendered":"https:\/\/tvc16.com\/portal\/?p=1249"},"modified":"2020-09-25T15:35:02","modified_gmt":"2020-09-25T15:35:02","slug":"china-diz-que-oms-aprovou-uso-emergencial-de-vacina-contra-coronavirus","status":"publish","type":"post","link":"https:\/\/tvc16.com\/portal\/2020\/09\/25\/china-diz-que-oms-aprovou-uso-emergencial-de-vacina-contra-coronavirus\/","title":{"rendered":"China diz que OMS aprovou uso emergencial de vacina contra coronav\u00edrus"},"content":{"rendered":"\n<p>Pa\u00eds lan\u00e7ou programa emergencial em julho<\/p>\n\n\n\n<p>A Organiza\u00e7\u00e3o Mundial da Sa\u00fade (OMS) disse \u00e0 China que apoia e compreende que o pa\u00eds inicie a administra\u00e7\u00e3o de vacinas contra coronav\u00edrus experimentais enquanto os testes cl\u00ednicos ainda est\u00e3o em andamento, disse uma autoridade de sa\u00fade chinesa nesta sexta-feira (25).<img decoding=\"async\" src=\"https:\/\/agenciabrasil.ebc.com.br\/ebc.png?id=1388932&amp;o=node\"><img decoding=\"async\" src=\"https:\/\/agenciabrasil.ebc.com.br\/ebc.gif?id=1388932&amp;o=node\"><\/p>\n\n\n\n<p>A China fez contato com a OMS no final de junho e lan\u00e7ou seu programa emergencial em julho, de acordo com Zheng Zhongwei, autoridade da Comiss\u00e3o Nacional de Sa\u00fade do pa\u00eds.<\/p>\n\n\n\n<p>Centenas de milhares de trabalhadores essenciais e outros grupos limitados de pessoas que se consideram correrem risco alto de infec\u00e7\u00e3o receberam a vacina, embora sua efic\u00e1cia e seguran\u00e7a ainda n\u00e3o tenham sido plenamente estabelecidas, j\u00e1 que os testes cl\u00ednicos de est\u00e1gio avan\u00e7ado est\u00e3o incompletos.<\/p>\n\n\n\n<p>\u201cNo final de junho, o Conselho de Estado da China aprovou o plano de um programa de uso emergencial de vacina contra coronav\u00edrus\u201d, disse Zheng em uma coletiva de imprensa.<\/p>\n\n\n\n<p>\u201cAp\u00f3s a aprova\u00e7\u00e3o, em 29 de junho, fizemos contato com os representantes relevantes do escrit\u00f3rio da OMS na China e obtivemos apoio e compreens\u00e3o da OMS\u201d, disse.<\/p>\n\n\n\n<p>O representante da OMS na China n\u00e3o respondeu de imediato a um pedido de coment\u00e1rio.<\/p>\n\n\n\n<p>A cientista-chefe da ag\u00eancia, Soumya Swaminathan, disse em Genebra neste m\u00eas que autoridades reguladoras nacionais podem aprovar o uso de produtos m\u00e9dicos em suas pr\u00f3prias jurisdi\u00e7\u00f5es na situa\u00e7\u00e3o atual de emerg\u00eancia, mas descreveu a medida como uma \u201csolu\u00e7\u00e3o tempor\u00e1ria\u201d.<\/p>\n\n\n\n<p>A solu\u00e7\u00e3o de longo prazo est\u00e1 na conclus\u00e3o dos testes de est\u00e1gio avan\u00e7ado, disse a autoridade da OMS.<\/p>\n\n\n\n<p>Por Reuters &#8211; Pequim<\/p>\n","protected":false},"excerpt":{"rendered":"<p>Pa\u00eds lan\u00e7ou programa emergencial em julho A Organiza\u00e7\u00e3o Mundial da Sa\u00fade (OMS) disse \u00e0 China<\/p>\n","protected":false},"author":2,"featured_media":1250,"comment_status":"open","ping_status":"open","sticky":false,"template":"","format":"standard","meta":{"footnotes":""},"categories":[13],"tags":[],"class_list":["post-1249","post","type-post","status-publish","format-standard","has-post-thumbnail","hentry","category-saude"],"_links":{"self":[{"href":"https:\/\/tvc16.com\/portal\/wp-json\/wp\/v2\/posts\/1249","targetHints":{"allow":["GET"]}}],"collection":[{"href":"https:\/\/tvc16.com\/portal\/wp-json\/wp\/v2\/posts"}],"about":[{"href":"https:\/\/tvc16.com\/portal\/wp-json\/wp\/v2\/types\/post"}],"author":[{"embeddable":true,"href":"https:\/\/tvc16.com\/portal\/wp-json\/wp\/v2\/users\/2"}],"replies":[{"embeddable":true,"href":"https:\/\/tvc16.com\/portal\/wp-json\/wp\/v2\/comments?post=1249"}],"version-history":[{"count":1,"href":"https:\/\/tvc16.com\/portal\/wp-json\/wp\/v2\/posts\/1249\/revisions"}],"predecessor-version":[{"id":1251,"href":"https:\/\/tvc16.com\/portal\/wp-json\/wp\/v2\/posts\/1249\/revisions\/1251"}],"wp:featuredmedia":[{"embeddable":true,"href":"https:\/\/tvc16.com\/portal\/wp-json\/wp\/v2\/media\/1250"}],"wp:attachment":[{"href":"https:\/\/tvc16.com\/portal\/wp-json\/wp\/v2\/media?parent=1249"}],"wp:term":[{"taxonomy":"category","embeddable":true,"href":"https:\/\/tvc16.com\/portal\/wp-json\/wp\/v2\/categories?post=1249"},{"taxonomy":"post_tag","embeddable":true,"href":"https:\/\/tvc16.com\/portal\/wp-json\/wp\/v2\/tags?post=1249"}],"curies":[{"name":"wp","href":"https:\/\/api.w.org\/{rel}","templated":true}]}}