{"id":12490,"date":"2021-04-06T11:57:41","date_gmt":"2021-04-06T14:57:41","guid":{"rendered":"https:\/\/tvc16.com\/portal\/?p=12490"},"modified":"2021-04-06T11:57:43","modified_gmt":"2021-04-06T14:57:43","slug":"colombia-permitira-importacoes-de-vacinas-por-empresas","status":"publish","type":"post","link":"https:\/\/tvc16.com\/portal\/2021\/04\/06\/colombia-permitira-importacoes-de-vacinas-por-empresas\/","title":{"rendered":"Col\u00f4mbia permitir\u00e1 importa\u00e7\u00f5es de vacinas por empresas"},"content":{"rendered":"\n<h3 class=\"wp-block-heading\">Doses, no entanto, ter\u00e3o de ser gratuitas<\/h3>\n\n\n\n<h4 class=\"wp-block-heading\">Por Julia Symmes Cobb &#8211; Rep\u00f3rter da Reuters &#8211; Bogot\u00e1<\/h4>\n\n\n\n<p>A Col\u00f4mbia vai&nbsp;permitir a importa\u00e7\u00e3o de vacinas contra a covid-19 por empresas, informou&nbsp;o Minist\u00e9rio da Sa\u00fade do pa\u00eds nessa segunda-feira (5), mas as doses ter\u00e3o de ser gratuitas para os imunizados.&nbsp;<img decoding=\"async\" src=\"https:\/\/agenciabrasil.ebc.com.br\/ebc.png?id=1405972&amp;o=node\"><img decoding=\"async\" src=\"https:\/\/agenciabrasil.ebc.com.br\/ebc.gif?id=1405972&amp;o=node\"><\/p>\n\n\n\n<p>O pa\u00eds andino planeja imunizar cerca de 70% de sua popula\u00e7\u00e3o de 35 milh\u00f5es de pessoas neste ano, de acordo com um programa nacional gratuito, e j\u00e1 aplicou 2,4 milh\u00f5es de doses desde fevereiro.&nbsp;<\/p>\n\n\n\n<p>Aqueles que distribu\u00edrem doses de vacinas adquiridas de maneira particular precisam estar de acordo com os padr\u00f5es estabelecidos pelo governo e n\u00e3o poder\u00e3o utilizar instala\u00e7\u00f5es requisitadas pelo programa nacional, afirmou o ministro da Sa\u00fade em decreto preliminar disponibilizado a jornalistas.<\/p>\n\n\n\n<p>&#8220;O processo de imuniza\u00e7\u00e3o conduzido com vacinas adquiridas por pessoas jur\u00eddicas precisa ocorrer&nbsp;a custo zero para os benefici\u00e1rios da aplica\u00e7\u00e3o&#8221;, diz a resolu\u00e7\u00e3o.&nbsp;<\/p>\n\n\n\n<p>Pa\u00edses, incluindo o Paquist\u00e3o e a \u00cdndia, est\u00e3o permitindo a compra particular de vacinas contra a&nbsp;covid-19.<\/p>\n\n\n\n<p>O governo j\u00e1 emitiu alertas sobre um aumento no n\u00famero de casos ap\u00f3s o feriado da P\u00e1scoa, e colocou em vigor restri\u00e7\u00f5es baseadas nas taxas de ocupa\u00e7\u00e3o de unidades de tratamento intensivo nos hospitais. At\u00e9 agora, 64 mil colombianos morreram por causa&nbsp;do novo coronav\u00edrus.&nbsp;<\/p>\n","protected":false},"excerpt":{"rendered":"<p>Doses, no entanto, ter\u00e3o de ser gratuitas Por Julia Symmes Cobb &#8211; Rep\u00f3rter da Reuters<\/p>\n","protected":false},"author":2,"featured_media":12491,"comment_status":"open","ping_status":"open","sticky":false,"template":"","format":"standard","meta":{"footnotes":""},"categories":[17],"tags":[],"class_list":["post-12490","post","type-post","status-publish","format-standard","has-post-thumbnail","hentry","category-outras-noticias"],"_links":{"self":[{"href":"https:\/\/tvc16.com\/portal\/wp-json\/wp\/v2\/posts\/12490","targetHints":{"allow":["GET"]}}],"collection":[{"href":"https:\/\/tvc16.com\/portal\/wp-json\/wp\/v2\/posts"}],"about":[{"href":"https:\/\/tvc16.com\/portal\/wp-json\/wp\/v2\/types\/post"}],"author":[{"embeddable":true,"href":"https:\/\/tvc16.com\/portal\/wp-json\/wp\/v2\/users\/2"}],"replies":[{"embeddable":true,"href":"https:\/\/tvc16.com\/portal\/wp-json\/wp\/v2\/comments?post=12490"}],"version-history":[{"count":1,"href":"https:\/\/tvc16.com\/portal\/wp-json\/wp\/v2\/posts\/12490\/revisions"}],"predecessor-version":[{"id":12492,"href":"https:\/\/tvc16.com\/portal\/wp-json\/wp\/v2\/posts\/12490\/revisions\/12492"}],"wp:featuredmedia":[{"embeddable":true,"href":"https:\/\/tvc16.com\/portal\/wp-json\/wp\/v2\/media\/12491"}],"wp:attachment":[{"href":"https:\/\/tvc16.com\/portal\/wp-json\/wp\/v2\/media?parent=12490"}],"wp:term":[{"taxonomy":"category","embeddable":true,"href":"https:\/\/tvc16.com\/portal\/wp-json\/wp\/v2\/categories?post=12490"},{"taxonomy":"post_tag","embeddable":true,"href":"https:\/\/tvc16.com\/portal\/wp-json\/wp\/v2\/tags?post=12490"}],"curies":[{"name":"wp","href":"https:\/\/api.w.org\/{rel}","templated":true}]}}