{"id":12501,"date":"2021-04-06T21:07:22","date_gmt":"2021-04-07T00:07:22","guid":{"rendered":"https:\/\/tvc16.com\/portal\/?p=12501"},"modified":"2021-04-06T21:07:24","modified_gmt":"2021-04-07T00:07:24","slug":"mais-27-pessoas-morrem-em-petropolis-por-covid-19","status":"publish","type":"post","link":"https:\/\/tvc16.com\/portal\/2021\/04\/06\/mais-27-pessoas-morrem-em-petropolis-por-covid-19\/","title":{"rendered":"Mais 27 pessoas morrem em Petr\u00f3polis por covid-19"},"content":{"rendered":"\n<p><strong>Vinte sete \u00f3bitos foram confirmados pela Secretaria de Sa\u00fade<\/strong><\/p>\n\n\n\n<p>A Secretaria Municipal de Sa\u00fade incluiu nesta ter\u00e7a-feira (6) mais 27 \u00f3bitos de pacientes com covid-19 na base de dados que traz o detalhamento de casos da doen\u00e7a na cidade. As mortes foram registradas em um per\u00edodo de 17 dias, de 20 de mar\u00e7o \u00e0 \u00faltima segunda-feira, 5 de abril, e foram inseridas agora na base estat\u00edstica do munic\u00edpio, ap\u00f3s o recebimento dos atestados de \u00f3bitos e resultados de exames com diagn\u00f3stico positivo. Dentre estes pacientes, 26 foram internados em mar\u00e7o, per\u00edodo em que o governo municipal adotou medidas mais restritivas para conter o avan\u00e7o do coronav\u00edrus, em fun\u00e7\u00e3o do agravamento da doen\u00e7a.<\/p>\n\n\n\n<p><br>O boletim epidemiol\u00f3gico da Secretaria de Sa\u00fade mostra que Petr\u00f3polis fez, at\u00e9 agora, 132.692 testes para Covid-19, com 25.751 resultados positivos e 102.837 negativos (levando em considera\u00e7\u00e3o testes r\u00e1pidos e swab).<br>Neste momento, 159 pessoas est\u00e3o internadas em leitos de UTI privados e pelo SUS. Outras 204 est\u00e3o em leitos cl\u00ednicos, considerando leitos privados e SUS, totalizando assim, 363 interna\u00e7\u00f5es em toda a rede da cidade. A ocupa\u00e7\u00e3o de leitos cl\u00ednicos pelo SUS \u00e9 de 84,13% e 91,38% em leitos de UTI.<\/p>\n\n\n\n<p><br>A Secretaria de Sa\u00fade esclarece que o n\u00famero de \u00f3bitos, hoje em 740, \u00e9 atualizado nos boletins apenas ap\u00f3s o registro do atestado de \u00f3bito e do resultado do exame do paciente no sistema da Vigil\u00e2ncia Epidemiol\u00f3gica, o que \u00e9 feito por equipe administrativa. Trata-se de medida de seguran\u00e7a para evitar erro na informa\u00e7\u00e3o divulgada pela Secretaria de Sa\u00fade.<\/p>\n\n\n\n<p><br>A Secretaria acrescenta, ainda, que trabalha na atualiza\u00e7\u00e3o de dados de notifica\u00e7\u00f5es e casos em an\u00e1lise no sistema, inserindo ainda dados n\u00e3o lan\u00e7ados no fim do ano passado. \u00c9 poss\u00edvel acompanhar a evolu\u00e7\u00e3o dos casos no portal da transpar\u00eancia do coronav\u00edrus, no site da Prefeitura (www.petropolis.rj.gov.br).<\/p>\n\n\n\n<p>\u00d3bitos registrado:<\/p>\n\n\n\n<p>Homem, 72 anos, morador na Posse. Internado em 18\/03 na UPA Cascatinha. \u00d3bito registrado no dia 20\/03, na UPA Cascatinha. Paciente com hipertens\u00e3o arterial.<\/p>\n\n\n\n<p><br>Mulher, 74 anos, moradora no Vale das Videiras. \u00d3bito registrado em 21\/03. Paciente com diabete.<\/p>\n\n\n\n<p>Mulher, 68 anos, moradora em \u00c1guas Lindas. \u00d3bito registrado em 23\/03. Paciente com hipertens\u00e3o arterial e diabete.<\/p>\n\n\n\n<p><br>Mulher, 68 anos, moradora no Centro. \u00d3bito registrado em 24\/03. Paciente com hipertens\u00e3o arterial.<\/p>\n\n\n\n<p><br>Mulher, 70 anos, moradora em Itaipava. Internada em 22\/03 no SMH. \u00d3bito registrado em 25\/03 no SMH. Paciente com hipertens\u00e3o arterial e diabete.<\/p>\n\n\n\n<p><br>Homem, 59 anos, morador no Jardim Salvador. Internado em 25\/03 na UPA Cascatinha. \u00d3bito registrado em 26\/03 na UPA Cascatinha. Paciente com hipertens\u00e3o arterial.<\/p>\n\n\n\n<p><br>Mulher, 64 anos, moradora em Itaipava. Internada em 25\/03 na UPA Itaipava. \u00d3bito registrado em 27\/03 na UPA Itaipava. Paciente com diabete e doen\u00e7a cardiovascular.<\/p>\n\n\n\n<p><br>Homem, 83 anos, morador em Cascatinha. Internado em 28\/03 na UPA Itaipava. \u00d3bito registrado em 28\/03, na UPA Itaipava. Paciente com hipertens\u00e3o arterial.<\/p>\n\n\n\n<p><br>Homem, 74 anos, morador em Pedro do Rio. Paciente internado em 25\/03 na UPA Cascatinha. \u00d3bito registrado em 28\/03, na UPA Cascatinha. Paciente com hipertens\u00e3o arterial.<\/p>\n\n\n\n<p><br>Mulher, 76 anos, morador no Quissam\u00e3. Internado em 28\/03 na UPA Cascatinha. \u00d3bito registrado em 29\/03, na UPA Cascatinha. Paciente com hipertens\u00e3o arterial, doen\u00e7a pulmonar obstrutiva cr\u00f4nica e hipotireoidismo.<\/p>\n\n\n\n<p><br>Homem, 76 anos, morador na Posse. Internado em 27\/03 na UPA Cascatinha. \u00d3bito registrado em 29\/03, na UPA Cascatinha. Paciente sem comorbidades.<br>Mulher, 84 anos, moradora no Itamarati. Internada em 30\/03 na UPA Centro. \u00d3bito registrado em 30\/03, na UPA Centro. Paciente sem comorbidades.<\/p>\n\n\n\n<p><br>Mulher, 71 anos, moradora no Meio da Serra. Internada em 28\/03 na UPA Itaipava. \u00d3bito registrado em 30\/03, na UPA Itaipava. Paciente com Alzheimer, Parkinson e Esquizofrenia.<\/p>\n\n\n\n<p>Mulher, 33 anos, moradora no Morin, Internada em 27\/03, na UPA Cascatinha. \u00d3bito registrado em 31\/03, na UPA Cascatinha.<\/p>\n\n\n\n<p>Mulher, 70 anos, moradora em Araras. Internada em 26\/03 na UPA Centro. \u00d3bito registrado em 31\/03, na UPA Centro. Paciente com c\u00e2ncer de pulm\u00e3o e doen\u00e7a card\u00edaca cr\u00f4nica.<\/p>\n\n\n\n<p><br>Mulher, 71 anos, morador na Estrada da Saudade. Internada em 28\/03 na UPA Centro. \u00d3bito registrado em 31\/03, na UPA Centro. Paciente com infarto e hipertens\u00e3o arterial.<\/p>\n\n\n\n<p><br>Mulher, 91 anos, moradora no Castelo S\u00e3o Manoel. Internada em 30\/03 na UPA Itaipava. \u00d3bito registrado em 31\/03, na UPA Itaipava. Paciente com Parkinson e doen\u00e7a cardiovascular cr\u00f4nica.<\/p>\n\n\n\n<p><br>Mulher, 61 anos, moradora no Jardim Salvador. Internada em 13\/03, na UPA Cascatinha e transferida para o SMH. \u00d3bito registrado em 01\/04, no SMH. Paciente com hipertens\u00e3o arterial.<\/p>\n\n\n\n<p><br>Mulher, 79 anos, moradora no Duques. Internada em 20\/03 no Hospital Unimed. \u00d3bito registrado em 01\/04, no Hospital Unimed. Paciente com doen\u00e7a cardiovascular cr\u00f4nica.<\/p>\n\n\n\n<p><br>Homem, 80 anos, morador em Corr\u00eaas. Internado em 31\/03 na UPA Centro. \u00d3bito registrado em 02\/04, na UPA Centro. Paciente com doen\u00e7a cardiovascular cr\u00f4nica.<\/p>\n\n\n\n<p>Mulher, 41 anos, moradora no Carangola. Internada em 30\/03 na UPA Centro e transferida para o HMNSE. \u00d3bito registrado em 03\/04, no HMNSE. Paciente com obesidade e hipertens\u00e3o arterial.<\/p>\n\n\n\n<p><br>Mulher, 47 anos, moradora no Independ\u00eancia. Internada em 24\/03 na UPA Cascatinha e transferido para o SMH. \u00d3bito registrado em 03\/04, no SMH. Paciente com linfoma.<\/p>\n\n\n\n<p><br>Mulher, 84 anos, moradora no Retiro. Internada em 20\/03 no Hospital Unimed. \u00d3bito registrado em 04\/04 no Hospital Unimed. Paciente com diabete e tumor cerebral.<\/p>\n\n\n\n<p><br>Homem, 61 anos, morador no Retiro. Internado em 02\/04 na UPA Cascatinha. \u00d3bito registrado em 04\/04 na Upa Cascatinha. Paciente com obesidade.<\/p>\n\n\n\n<p>Homem, 69 anos, morador no Samambaia. Internado em 27\/03 na UPA Cascatinha. \u00d3bito registrado em 31\/03 na UPA Cascatinha. Paciente com hipertens\u00e3o arterial e diabete.<\/p>\n\n\n\n<p><br>Mulher, 71 anos, moradora na Posse. Internada em 25\/03 na UPA Cascatinha e transferida para o HAC. \u00d3bito registrado em 05\/04 no HAC. Paciente com hipertens\u00e3o arterial.<\/p>\n\n\n\n<p><br>Homem, 74 anos, morador em Corr\u00eaas. Internado em 27\/03 no HAC. \u00d3bito registrado em 05\/04 no HAC. Paciente com diabete.<\/p>\n","protected":false},"excerpt":{"rendered":"<p>Vinte sete \u00f3bitos foram confirmados pela Secretaria de Sa\u00fade A Secretaria Municipal de Sa\u00fade incluiu<\/p>\n","protected":false},"author":2,"featured_media":12502,"comment_status":"open","ping_status":"open","sticky":false,"template":"","format":"standard","meta":{"footnotes":""},"categories":[12],"tags":[],"class_list":["post-12501","post","type-post","status-publish","format-standard","has-post-thumbnail","hentry","category-cidade"],"_links":{"self":[{"href":"https:\/\/tvc16.com\/portal\/wp-json\/wp\/v2\/posts\/12501","targetHints":{"allow":["GET"]}}],"collection":[{"href":"https:\/\/tvc16.com\/portal\/wp-json\/wp\/v2\/posts"}],"about":[{"href":"https:\/\/tvc16.com\/portal\/wp-json\/wp\/v2\/types\/post"}],"author":[{"embeddable":true,"href":"https:\/\/tvc16.com\/portal\/wp-json\/wp\/v2\/users\/2"}],"replies":[{"embeddable":true,"href":"https:\/\/tvc16.com\/portal\/wp-json\/wp\/v2\/comments?post=12501"}],"version-history":[{"count":1,"href":"https:\/\/tvc16.com\/portal\/wp-json\/wp\/v2\/posts\/12501\/revisions"}],"predecessor-version":[{"id":12503,"href":"https:\/\/tvc16.com\/portal\/wp-json\/wp\/v2\/posts\/12501\/revisions\/12503"}],"wp:featuredmedia":[{"embeddable":true,"href":"https:\/\/tvc16.com\/portal\/wp-json\/wp\/v2\/media\/12502"}],"wp:attachment":[{"href":"https:\/\/tvc16.com\/portal\/wp-json\/wp\/v2\/media?parent=12501"}],"wp:term":[{"taxonomy":"category","embeddable":true,"href":"https:\/\/tvc16.com\/portal\/wp-json\/wp\/v2\/categories?post=12501"},{"taxonomy":"post_tag","embeddable":true,"href":"https:\/\/tvc16.com\/portal\/wp-json\/wp\/v2\/tags?post=12501"}],"curies":[{"name":"wp","href":"https:\/\/api.w.org\/{rel}","templated":true}]}}