{"id":12504,"date":"2021-04-06T21:09:42","date_gmt":"2021-04-07T00:09:42","guid":{"rendered":"https:\/\/tvc16.com\/portal\/?p=12504"},"modified":"2021-04-06T21:09:44","modified_gmt":"2021-04-07T00:09:44","slug":"quase-2-mil-pessoas-foram-vacinadas-contra-a-covid-19-nesta-terca-feira","status":"publish","type":"post","link":"https:\/\/tvc16.com\/portal\/2021\/04\/06\/quase-2-mil-pessoas-foram-vacinadas-contra-a-covid-19-nesta-terca-feira\/","title":{"rendered":"Quase 2 mil pessoas foram vacinadas contra a covid-19 nesta ter\u00e7a-feira"},"content":{"rendered":"\n<p>Nesta ter\u00e7a-feira (06.04) a Secretaria de Sa\u00fade contabilizou 1.952 vacinas aplicadas pelas equipes do setor de Epidemiologia. Foram 1.860 referentes a primeiras doses e 92 a segunda dose. At\u00e9 o momento 34.802 pessoas receberam a primeira dose e outras 9.911 receberam a segunda dose do imunizante.<\/p>\n\n\n\n<p><br>Nos pontos de drive thru do Centro, de Itaipava, do Hipershopping e do Bingen, assim como nos pontos de vacina\u00e7\u00e3o do Petropolitano Futebol Clube e da Escola Municipal Josemar Contage, em Correas, Posse e nas UBSs do Quitandinha, Morin e no Palmeira e equipes do Servi\u00e7o de Atendimento Domiciliar (SAD) e dos PSFs vacinaram 1.860 idosos com a primeira dose e outros 61 com a segunda dose. Em paralelo, 247 profissionais de Sa\u00fade foram vacinados, sendo 31 com a segunda dose do imunizante.<\/p>\n\n\n\n<p><br>Nesta ter\u00e7a-feira (06\/04) a Secretaria de Sa\u00fade iniciou a vacina\u00e7\u00e3o de idosos com mais de 69 anos em 10 pontos da cidade: no Hiperhopping, no Alto da Serra, no campus da Universidade Cat\u00f3lica de Petr\u00f3polis (UCP) na Rua Benjamin Constant \u2013 Centro, no Parque Municipal, em Itaipava, na UCP do Bingen, nas UBSs do Quitandinha, do Morin e na sede do Palmeira, no Itamarati, na sede do Petropolitano Futebol Clube, no Centro, na Escola Josemar Contage, em Correas e no antigo Posto de Sa\u00fade da Posse. <\/p>\n\n\n\n<p>Importante destacar que nos pontos de drive thru, idosos que chegam \u00e0 p\u00e9 tamb\u00e9m s\u00e3o vacinados.<\/p>\n","protected":false},"excerpt":{"rendered":"<p>Nesta ter\u00e7a-feira (06.04) a Secretaria de Sa\u00fade contabilizou 1.952 vacinas aplicadas pelas equipes do setor<\/p>\n","protected":false},"author":2,"featured_media":12505,"comment_status":"open","ping_status":"open","sticky":false,"template":"","format":"standard","meta":{"footnotes":""},"categories":[12],"tags":[],"class_list":["post-12504","post","type-post","status-publish","format-standard","has-post-thumbnail","hentry","category-cidade"],"_links":{"self":[{"href":"https:\/\/tvc16.com\/portal\/wp-json\/wp\/v2\/posts\/12504","targetHints":{"allow":["GET"]}}],"collection":[{"href":"https:\/\/tvc16.com\/portal\/wp-json\/wp\/v2\/posts"}],"about":[{"href":"https:\/\/tvc16.com\/portal\/wp-json\/wp\/v2\/types\/post"}],"author":[{"embeddable":true,"href":"https:\/\/tvc16.com\/portal\/wp-json\/wp\/v2\/users\/2"}],"replies":[{"embeddable":true,"href":"https:\/\/tvc16.com\/portal\/wp-json\/wp\/v2\/comments?post=12504"}],"version-history":[{"count":1,"href":"https:\/\/tvc16.com\/portal\/wp-json\/wp\/v2\/posts\/12504\/revisions"}],"predecessor-version":[{"id":12506,"href":"https:\/\/tvc16.com\/portal\/wp-json\/wp\/v2\/posts\/12504\/revisions\/12506"}],"wp:featuredmedia":[{"embeddable":true,"href":"https:\/\/tvc16.com\/portal\/wp-json\/wp\/v2\/media\/12505"}],"wp:attachment":[{"href":"https:\/\/tvc16.com\/portal\/wp-json\/wp\/v2\/media?parent=12504"}],"wp:term":[{"taxonomy":"category","embeddable":true,"href":"https:\/\/tvc16.com\/portal\/wp-json\/wp\/v2\/categories?post=12504"},{"taxonomy":"post_tag","embeddable":true,"href":"https:\/\/tvc16.com\/portal\/wp-json\/wp\/v2\/tags?post=12504"}],"curies":[{"name":"wp","href":"https:\/\/api.w.org\/{rel}","templated":true}]}}