{"id":12510,"date":"2021-04-06T21:22:22","date_gmt":"2021-04-07T00:22:22","guid":{"rendered":"https:\/\/tvc16.com\/portal\/?p=12510"},"modified":"2021-04-06T21:22:25","modified_gmt":"2021-04-07T00:22:25","slug":"fiscalizacao-multa-dois-e-notifica-outros-sete-estabelecimentos","status":"publish","type":"post","link":"https:\/\/tvc16.com\/portal\/2021\/04\/06\/fiscalizacao-multa-dois-e-notifica-outros-sete-estabelecimentos\/","title":{"rendered":"Fiscaliza\u00e7\u00e3o multa dois e notifica outros sete estabelecimentos"},"content":{"rendered":"\n<p>Sete estabelecimentos receberam notifica\u00e7\u00e3o e outros dois foram multados ap\u00f3s serem flagrados pelas equipes de fiscaliza\u00e7\u00e3o infringindo regras previstas nos decretos municipais hoje (06\/04). Al\u00e9m disso, todos eles tiveram que fechar as portas ap\u00f3s a presen\u00e7a dos agentes. A opera\u00e7\u00e3o Choque de Ordem, realizada em conjunto pela Secretaria de Servi\u00e7os, Seguran\u00e7a e Ordem P\u00fablica (SSOP) e Pol\u00edcia Militar, aconteceu em Itaipava e no Centro Hist\u00f3rico, nas ruas Teresa, 16 de Mar\u00e7o, Imperador, Caldas Viana e Paulo Barbosa.<\/p>\n\n\n\n<p>&#8220;Pedimos que os comerciantes respeitem os decretos. Al\u00e9m de fiscalizar, tamb\u00e9m atuamos com o objetivo de conscientizar as pessoas, seja ele cliente ou dono de algum estabelecimento. Se cada um fizer seu papel, vamos conseguir reverter o quadro, que hoje, \u00e9 bastante preocupante\u201d, explica a secret\u00e1ria de Servi\u00e7os, Seguran\u00e7a e Ordem P\u00fablica, Karina Bronzo.<\/p>\n\n\n\n<p>O trabalho da prefeitura e das for\u00e7as de seguran\u00e7a permanecer\u00e1 nos bairros e nos distritos da cidade para que haja o estrito cumprimento do decreto durante sua vig\u00eancia. \u201cN\u00e3o adianta o comerciante descumprir as regras. O munic\u00edpio est\u00e1 amparado legalmente\u201d, completa a secret\u00e1ria, dizendo que ainda que existe a possibilidade de o estabelecimento ser interditado caso haja resist\u00eancia do comerciante.<\/p>\n\n\n\n<p>At\u00e9 \u00e0 noite de ontem (05), 169 pessoas estavam internadas em leitos de UTI privados e pelo SUS. Outras 205 estavam em leitos cl\u00ednicos, considerando leitos privados e SUS, totalizando assim, 374 interna\u00e7\u00f5es em toda a rede da cidade. A ocupa\u00e7\u00e3o de leitos cl\u00ednicos pelo SUS \u00e9 de 88,43% e 96,69% em leitos de UTI. O n\u00famero de \u00f3bitos no munic\u00edpio est\u00e1 em 713.<\/p>\n\n\n\n<p>\u201cA equipe de fiscaliza\u00e7\u00e3o pede a compreens\u00e3o dos propriet\u00e1rios e clientes, j\u00e1 que o fechamento das lojas ser\u00e1 mantido conforme o decreto municipal. Precisamos juntos reduzir o grau de contamina\u00e7\u00e3o pelo v\u00edrus\u201d, explicou Hailton Lima, chefe da Divis\u00e3o de Fiscaliza\u00e7\u00e3o de Posturas da SSOP.<\/p>\n","protected":false},"excerpt":{"rendered":"<p>Sete estabelecimentos receberam notifica\u00e7\u00e3o e outros dois foram multados ap\u00f3s serem flagrados pelas equipes de<\/p>\n","protected":false},"author":2,"featured_media":12511,"comment_status":"open","ping_status":"open","sticky":false,"template":"","format":"standard","meta":{"footnotes":""},"categories":[12],"tags":[],"class_list":["post-12510","post","type-post","status-publish","format-standard","has-post-thumbnail","hentry","category-cidade"],"_links":{"self":[{"href":"https:\/\/tvc16.com\/portal\/wp-json\/wp\/v2\/posts\/12510","targetHints":{"allow":["GET"]}}],"collection":[{"href":"https:\/\/tvc16.com\/portal\/wp-json\/wp\/v2\/posts"}],"about":[{"href":"https:\/\/tvc16.com\/portal\/wp-json\/wp\/v2\/types\/post"}],"author":[{"embeddable":true,"href":"https:\/\/tvc16.com\/portal\/wp-json\/wp\/v2\/users\/2"}],"replies":[{"embeddable":true,"href":"https:\/\/tvc16.com\/portal\/wp-json\/wp\/v2\/comments?post=12510"}],"version-history":[{"count":1,"href":"https:\/\/tvc16.com\/portal\/wp-json\/wp\/v2\/posts\/12510\/revisions"}],"predecessor-version":[{"id":12512,"href":"https:\/\/tvc16.com\/portal\/wp-json\/wp\/v2\/posts\/12510\/revisions\/12512"}],"wp:featuredmedia":[{"embeddable":true,"href":"https:\/\/tvc16.com\/portal\/wp-json\/wp\/v2\/media\/12511"}],"wp:attachment":[{"href":"https:\/\/tvc16.com\/portal\/wp-json\/wp\/v2\/media?parent=12510"}],"wp:term":[{"taxonomy":"category","embeddable":true,"href":"https:\/\/tvc16.com\/portal\/wp-json\/wp\/v2\/categories?post=12510"},{"taxonomy":"post_tag","embeddable":true,"href":"https:\/\/tvc16.com\/portal\/wp-json\/wp\/v2\/tags?post=12510"}],"curies":[{"name":"wp","href":"https:\/\/api.w.org\/{rel}","templated":true}]}}