{"id":12513,"date":"2021-04-07T09:00:00","date_gmt":"2021-04-07T12:00:00","guid":{"rendered":"https:\/\/tvc16.com\/portal\/?p=12513"},"modified":"2021-04-06T21:28:57","modified_gmt":"2021-04-07T00:28:57","slug":"cultura-urbana-ganha-destaque-no-cenario-cultural-da-cidade","status":"publish","type":"post","link":"https:\/\/tvc16.com\/portal\/2021\/04\/07\/cultura-urbana-ganha-destaque-no-cenario-cultural-da-cidade\/","title":{"rendered":"Cultura urbana ganha destaque no cen\u00e1rio cultural da cidade"},"content":{"rendered":"\n<p>Tr\u00eas projetos, referentes \u00e0 Lei Aldir Blanc, ser\u00e3o lan\u00e7ados em abril<\/p>\n\n\n\n<p>A arte urbana vem ganhando destaque no cen\u00e1rio cultural em Petr\u00f3polis, com diversos trabalhos voltados para a m\u00fasica, literatura, dan\u00e7a e demais express\u00f5es. Tr\u00eas lan\u00e7amentos est\u00e3o previstos para acontecer nas diversas plataformas digitais em abril. S\u00e3o projetos desenvolvidos por artistas da cidade atrav\u00e9s do edital implementado pelo Instituto Municipal de Cultural (IMC) referentes \u00e0 Lei Aldir Blanc.<\/p>\n\n\n\n<p>No total, foram 301 projetos e 24 espa\u00e7os culturais contemplados com os recursos federais &#8211; o munic\u00edpio recebeu R$ 1.936.795,75 para os incisos II e III da Lei Aldir Blanc. &#8220;Estamos muito orgulhosos com as produ\u00e7\u00f5es realizadas dentro do edital. Petr\u00f3polis conta com profissionais muito talentosos, criativos e que produzem material de muita qualidade&#8221;, destacou o prefeito interino Hingo Hammes.<\/p>\n\n\n\n<p>O artista musical e produtor cultural Marcelo Moraes &#8211; Durango Kid, lan\u00e7ar\u00e1 seu segundo \u00e1lbum de carreira solo, \u201cDKMERON &#8211; Del\u00edrios Dist\u00f3picos\u201d. Ele j\u00e1 lan\u00e7ou pelo edital os programas \u201cDkptando REACT &#8211; Raros e Exclusivos ao vivo\u201d, entrevistando artistas e produtores da cena do Rap, Trap, Hip Hop da cidade, conversando sobre seus trabalhos in\u00e9ditos e produ\u00e7\u00f5es do momento. As lives est\u00e3o dispon\u00edveis no Youtube.<\/p>\n\n\n\n<p>Ainda falando de arte urbana, o projeto Na\u00e7\u00e3o Hip Hop, que completa 15 anos, vai realizar duas Lives do evento que sempre aconteceu na rua, o Roda do CDC. As apresenta\u00e7\u00f5es ser\u00e3o transmitidas no site da Na\u00e7\u00e3o Hip Hop Petr\u00f3polis, contemplando artistas e produtores de conte\u00fado art\u00edstico na cidade. A programa\u00e7\u00e3o contar\u00e1 com batalhas de MC\u00b4s e m\u00fasicas de artistas locais. A ideia do projeto \u00e9 promover a cultura perif\u00e9rica, popular e urbana, atrav\u00e9s da integra\u00e7\u00e3o de diversas linguagens art\u00edsticas, contribuindo, assim, para a inclus\u00e3o da diversidade social e diminui\u00e7\u00e3o das desigualdades socioecon\u00f4micas.<\/p>\n\n\n\n<p>A literatura tamb\u00e9m teve espa\u00e7o nesse cen\u00e1rio, com a produ\u00e7\u00e3o do \u201cZINE GIRA RODA\u201d, um zine virtual produzido como forma acess\u00edvel de divulgar e valorizar a atividade liter\u00e1ria produzida em Petr\u00f3polis. Para quem n\u00e3o est\u00e1 familiarizado com o termo \u201czine\u201d, os organizadores explicam que \u00e9 a abrevia\u00e7\u00e3o de \u201cfanzine\u201d que, por sua vez, tem origem na express\u00e3o em ingl\u00eas \u201cfanatic magazine\u201d que significa em portugu\u00eas \u201crevista de f\u00e3s\u201d.<\/p>\n\n\n\n<p>\u201cA cena urbana petropolitana \u00e9 forte, possui talentos reconhecidos at\u00e9 fora do Brasil. Ver essa rica participa\u00e7\u00e3o no edital e as produ\u00e7\u00f5es de tamanha qualidade, somente enchem de orgulho o Instituto Municipal de Cultura\u201d, disse Leandro Kronemberger, diretor-presidente do IMC.<\/p>\n\n\n\n<p>\u201cUma vez que estamos em estado de pandemia, o zine aparece como \u00f3tima alternativa para ampliar os nortes da produ\u00e7\u00e3o liter\u00e1ria local e tamb\u00e9m de registrar e valorizar os agentes ali inseridos. O zine acaba se tornando uma op\u00e7\u00e3o liter\u00e1ria extremamente criativa e assertiva. Al\u00e9m disso, o projeto prop\u00f5e uma ideia inovadora, a interatividade e o aspecto multiplataforma atrav\u00e9s de um c\u00f3digo de acesso que estar\u00e1 estampado no zine (QRCode. Quando lido por um aparelho de celular, o c\u00f3digo ir\u00e1 redirecionar o leitor a um clipe, onde cada artista envolvido no zine poder\u00e1 ser visto declamando sua obra liter\u00e1ria\u201d, explica Cristiane Monteiro, proponente do projeto e membro da Na\u00e7\u00e3o Hip Hop Petr\u00f3polis.<\/p>\n\n\n\n<p>O coletivo j\u00e1 lan\u00e7ou tamb\u00e9m o programa \u201cPapo de Rua\u201d que contou com bate papos informativos, apresenta\u00e7\u00f5es musicais, de dan\u00e7a, batalhas de beats e MC\u00b4s, entrevistas com artistas da cidade e lan\u00e7amentos. Todos esses projetos podem ser acessados atrav\u00e9s do site oficial da Na\u00e7\u00e3o Hip Hop Petr\u00f3polis.<\/p>\n\n\n\n<p>Ainda na cena da arte urbana, o artista da dan\u00e7a, core\u00f3grafo e produtor cultural Felipe Laureano, lan\u00e7ou seu projeto \u201cGRIOT PRODU\u00c7\u00c3O DE CULTURA INDEPENDENTE\u201d, que identifica e evidencia a realidade de artistas e agentes culturais de Petr\u00f3polis, de forma a dar visibilidade e mostrar as del\u00edcias e dificuldades do que \u00e9 realizar produ\u00e7\u00e3o cultural independente. A ideia principal \u00e9 mostrar para o p\u00fablico interessado e as pr\u00f3ximas gera\u00e7\u00f5es o caminho para realizar arte num pa\u00eds t\u00e3o rico culturalmente.<\/p>\n\n\n\n<p>\u201cAl\u00e9m do v\u00eddeo, que vem em formato de web-s\u00e9rie, foi criado ainda um e-book para registrar dicas pautadas pelos entrevistados e comentadas pelo entrevistador, detalhes essenciais para o crescimento cultural e art\u00edstico das futuras gera\u00e7\u00f5es\u201d, diz o idealizador do projeto. O conte\u00fado est\u00e1 no e-book ou youtube.<\/p>\n\n\n\n<p>\u201c\u00c9 uma alegria muito grande ver esta explos\u00e3o de criticidade, de reflex\u00e3o, de arte e de diversidade espalhada por nossa cidade. As express\u00f5es art\u00edsticas n\u00e3o possuem limites, e os artistas urbanos provam, uma vez mais, o quanto est\u00e3o organizados e capacitados em suas produ\u00e7\u00f5es profissionalizadas\u201d, comenta Catarina Maul, gerente do Centro de Cultura Raul de Leoni.<\/p>\n","protected":false},"excerpt":{"rendered":"<p>Tr\u00eas projetos, referentes \u00e0 Lei Aldir Blanc, ser\u00e3o lan\u00e7ados em abril A arte urbana vem<\/p>\n","protected":false},"author":2,"featured_media":12514,"comment_status":"open","ping_status":"open","sticky":false,"template":"","format":"standard","meta":{"footnotes":""},"categories":[12],"tags":[],"class_list":["post-12513","post","type-post","status-publish","format-standard","has-post-thumbnail","hentry","category-cidade"],"_links":{"self":[{"href":"https:\/\/tvc16.com\/portal\/wp-json\/wp\/v2\/posts\/12513","targetHints":{"allow":["GET"]}}],"collection":[{"href":"https:\/\/tvc16.com\/portal\/wp-json\/wp\/v2\/posts"}],"about":[{"href":"https:\/\/tvc16.com\/portal\/wp-json\/wp\/v2\/types\/post"}],"author":[{"embeddable":true,"href":"https:\/\/tvc16.com\/portal\/wp-json\/wp\/v2\/users\/2"}],"replies":[{"embeddable":true,"href":"https:\/\/tvc16.com\/portal\/wp-json\/wp\/v2\/comments?post=12513"}],"version-history":[{"count":1,"href":"https:\/\/tvc16.com\/portal\/wp-json\/wp\/v2\/posts\/12513\/revisions"}],"predecessor-version":[{"id":12515,"href":"https:\/\/tvc16.com\/portal\/wp-json\/wp\/v2\/posts\/12513\/revisions\/12515"}],"wp:featuredmedia":[{"embeddable":true,"href":"https:\/\/tvc16.com\/portal\/wp-json\/wp\/v2\/media\/12514"}],"wp:attachment":[{"href":"https:\/\/tvc16.com\/portal\/wp-json\/wp\/v2\/media?parent=12513"}],"wp:term":[{"taxonomy":"category","embeddable":true,"href":"https:\/\/tvc16.com\/portal\/wp-json\/wp\/v2\/categories?post=12513"},{"taxonomy":"post_tag","embeddable":true,"href":"https:\/\/tvc16.com\/portal\/wp-json\/wp\/v2\/tags?post=12513"}],"curies":[{"name":"wp","href":"https:\/\/api.w.org\/{rel}","templated":true}]}}