{"id":1252,"date":"2020-09-25T15:36:29","date_gmt":"2020-09-25T15:36:29","guid":{"rendered":"https:\/\/tvc16.com\/portal\/?p=1252"},"modified":"2020-09-25T16:04:32","modified_gmt":"2020-09-25T16:04:32","slug":"governo-economiza-r-1-bilhao-com-trabalho-remoto-de-servidores","status":"publish","type":"post","link":"https:\/\/tvc16.com\/portal\/2020\/09\/25\/governo-economiza-r-1-bilhao-com-trabalho-remoto-de-servidores\/","title":{"rendered":"Governo economiza R$ 1 bilh\u00e3o com trabalho remoto de servidores"},"content":{"rendered":"\n<p>N\u00fameros foram divulgados hoje pelo Minist\u00e9rio da Economia<\/p>\n\n\n\n<p>O governo federal j\u00e1 economizou cerca de R$ 1 bilh\u00e3o com o trabalho remoto de servidores p\u00fablicos durante a pandemia do novo coronav\u00edrus (covid-19). Este valor considera a redu\u00e7\u00e3o de R$ 859 milh\u00f5es nos gastos de custeio e a diminui\u00e7\u00e3o de R$ 161 milh\u00f5es nos pagamentos de aux\u00edlios para os servidores, entre abril e agosto de 2020. Os dados foram divulgados, hoje (25), em Bras\u00edlia, pelo Minist\u00e9rio da Economia.<img decoding=\"async\" src=\"https:\/\/agenciabrasil.ebc.com.br\/ebc.png?id=1388940&amp;o=node\"><img decoding=\"async\" src=\"https:\/\/agenciabrasil.ebc.com.br\/ebc.gif?id=1388940&amp;o=node\"><\/p>\n\n\n\n<p>Segundo o minist\u00e9rio, a economia em 5 meses com di\u00e1rias, passagens e despesas com locomo\u00e7\u00e3o chegou a R$ 471.251.670,72. Com servi\u00e7os de energia el\u00e9trica, a redu\u00e7\u00e3o de gastos foi de R$ 255.547.553,27. A economia com servi\u00e7os de c\u00f3pias e reprodu\u00e7\u00f5es de documentos alcan\u00e7ou R$ 9.732.645,44. E a redu\u00e7\u00e3o de gastos com servi\u00e7os de comunica\u00e7\u00e3o em geral atingiu R$ 89.565.596,69 e com servi\u00e7os de \u00e1gua e esgoto, R$ 32.942.306,94.<\/p>\n\n\n\n<h2 class=\"wp-block-heading\">Aux\u00edlios<\/h2>\n\n\n\n<p>Ainda em mar\u00e7o, o Minist\u00e9rio da Economia informa que orientou os demais \u00f3rg\u00e3os da Administra\u00e7\u00e3o P\u00fablica Federal sobre a autoriza\u00e7\u00e3o para o trabalho remoto com a publica\u00e7\u00e3o da Instru\u00e7\u00e3o Normativa (IN) n\u00ba 28. A norma estabelece regras para a concess\u00e3o do aux\u00edlio-transporte, do adicional noturno e dos adicionais ocupacionais aos servidores e empregados p\u00fablicos que estejam executando suas atividades remotamente ou que estejam afastados de suas atividades presenciais.<\/p>\n\n\n\n<p>Esta instru\u00e7\u00e3o gerou uma economia de R$ 161.452.701,82 aos cofres p\u00fablicos entre abril e agosto deste ano. Entre os adicionais impactados pela medida est\u00e3o os de insalubridade, irradia\u00e7\u00e3o ionizante, periculosidade, servi\u00e7o extraordin\u00e1rio e noturno.<\/p>\n\n\n\n<h2 class=\"wp-block-heading\">Teletrabalho<\/h2>\n\n\n\n<p>Para ampliar e normatizar a ado\u00e7\u00e3o do teletrabalho, a Secretaria de Gest\u00e3o e Desempenho de Pessoal da Secretaria Especial de Desburocratiza\u00e7\u00e3o, Gest\u00e3o e Governo Digital (SGP\/SEDGG) publicou, no fim de julho deste ano, a Instru\u00e7\u00e3o Normativa n\u00ba 65.&nbsp;<\/p>\n\n\n\n<p>De acordo com o minist\u00e9rio, a norma estabelece orienta\u00e7\u00f5es para a ado\u00e7\u00e3o do regime de teletrabalho nos \u00f3rg\u00e3os e entidades integrantes do Sistema de Pessoal Civil da Administra\u00e7\u00e3o Federal (Sipec), focando na entrega de resultados e reduzindo despesas administrativas. Atualmente, cerca de 200 \u00f3rg\u00e3os fazem parte deste sistema.<\/p>\n\n\n\n<p>A implanta\u00e7\u00e3o do programa de gest\u00e3o \u00e9 facultativa aos \u00f3rg\u00e3os e entidades da Administra\u00e7\u00e3o P\u00fablica Federal e deve ocorrer em fun\u00e7\u00e3o da conveni\u00eancia e do interesse do servi\u00e7o. Al\u00e9m de servidores efetivos, poder\u00e3o participar do programa ocupantes de cargos em comiss\u00e3o, empregados p\u00fablicos e contratados tempor\u00e1rios. Cada \u00f3rg\u00e3o definir\u00e1, a partir de suas necessidades, quais atividades poder\u00e3o ser desempenhadas a dist\u00e2ncia. Caber\u00e1 ao dirigente m\u00e1ximo de cada pasta autorizar a implementa\u00e7\u00e3o do programa.<\/p>\n\n\n\n<p>Por Kelly Oliveira \u2013 Rep\u00f3rter da Ag\u00eancia Brasil &#8211; Bras\u00edlia<\/p>\n\n\n\n<p>Edi\u00e7\u00e3o: Kleber Sampaio<\/p>\n","protected":false},"excerpt":{"rendered":"<p>N\u00fameros foram divulgados hoje pelo Minist\u00e9rio da Economia O governo federal j\u00e1 economizou cerca de<\/p>\n","protected":false},"author":2,"featured_media":1253,"comment_status":"open","ping_status":"open","sticky":false,"template":"","format":"standard","meta":{"footnotes":""},"categories":[18],"tags":[],"class_list":["post-1252","post","type-post","status-publish","format-standard","has-post-thumbnail","hentry","category-economia"],"_links":{"self":[{"href":"https:\/\/tvc16.com\/portal\/wp-json\/wp\/v2\/posts\/1252","targetHints":{"allow":["GET"]}}],"collection":[{"href":"https:\/\/tvc16.com\/portal\/wp-json\/wp\/v2\/posts"}],"about":[{"href":"https:\/\/tvc16.com\/portal\/wp-json\/wp\/v2\/types\/post"}],"author":[{"embeddable":true,"href":"https:\/\/tvc16.com\/portal\/wp-json\/wp\/v2\/users\/2"}],"replies":[{"embeddable":true,"href":"https:\/\/tvc16.com\/portal\/wp-json\/wp\/v2\/comments?post=1252"}],"version-history":[{"count":1,"href":"https:\/\/tvc16.com\/portal\/wp-json\/wp\/v2\/posts\/1252\/revisions"}],"predecessor-version":[{"id":1254,"href":"https:\/\/tvc16.com\/portal\/wp-json\/wp\/v2\/posts\/1252\/revisions\/1254"}],"wp:featuredmedia":[{"embeddable":true,"href":"https:\/\/tvc16.com\/portal\/wp-json\/wp\/v2\/media\/1253"}],"wp:attachment":[{"href":"https:\/\/tvc16.com\/portal\/wp-json\/wp\/v2\/media?parent=1252"}],"wp:term":[{"taxonomy":"category","embeddable":true,"href":"https:\/\/tvc16.com\/portal\/wp-json\/wp\/v2\/categories?post=1252"},{"taxonomy":"post_tag","embeddable":true,"href":"https:\/\/tvc16.com\/portal\/wp-json\/wp\/v2\/tags?post=1252"}],"curies":[{"name":"wp","href":"https:\/\/api.w.org\/{rel}","templated":true}]}}