{"id":12526,"date":"2021-04-07T11:13:03","date_gmt":"2021-04-07T14:13:03","guid":{"rendered":"https:\/\/tvc16.com\/portal\/?p=12526"},"modified":"2021-04-07T11:13:06","modified_gmt":"2021-04-07T14:13:06","slug":"igp-di-tem-inflacao-de-217-em-marco-diz-fgv","status":"publish","type":"post","link":"https:\/\/tvc16.com\/portal\/2021\/04\/07\/igp-di-tem-inflacao-de-217-em-marco-diz-fgv\/","title":{"rendered":"IGP-DI tem infla\u00e7\u00e3o de 2,17% em mar\u00e7o, diz FGV"},"content":{"rendered":"\n<h3 class=\"wp-block-heading\">A taxa \u00e9 inferior \u00e0 observada em fevereiro deste ano (2,71%)<\/h3>\n\n\n\n<h4 class=\"wp-block-heading\">Por Vitor Abdala &#8211; Rep\u00f3rter da Ag\u00eancia Brasil &#8211; Rio de Janeiro<\/h4>\n\n\n\n<p>O \u00cdndice Geral de Pre\u00e7os \u2013 Disponibilidade Interna (IGP-DI), indicador nacional calculado pela Funda\u00e7\u00e3o Getulio Vargas (FGV), registrou infla\u00e7\u00e3o de 2,17% em mar\u00e7o deste ano. A taxa \u00e9 inferior \u00e0 observada em fevereiro deste ano (2,71%), mas superior \u00e0 apurada em mar\u00e7o de 2020 (1,64%).<img decoding=\"async\" src=\"https:\/\/agenciabrasil.ebc.com.br\/ebc.png?id=1406058&amp;o=node\"><img decoding=\"async\" src=\"https:\/\/agenciabrasil.ebc.com.br\/ebc.gif?id=1406058&amp;o=node\"><\/p>\n\n\n\n<p>Com o resultado de mar\u00e7o, o IGP-DI acumula taxas de infla\u00e7\u00e3o de 7,99% no ano e de 30,63% em 12 meses.<\/p>\n\n\n\n<p>A queda da taxa de fevereiro para mar\u00e7o foi puxada pelos pre\u00e7os no atacado e na constru\u00e7\u00e3o. A infla\u00e7\u00e3o do \u00cdndice de Pre\u00e7os ao Produtor Amplo, que mede o atacado, passou de 3,40% em fevereiro para 2,59% em mar\u00e7o. O \u00cdndice Nacional de Custo da Constru\u00e7\u00e3o caiu de 1,89% para 1,30% em mar\u00e7o.<\/p>\n\n\n\n<p>Por outro lado, o \u00cdndice de Pre\u00e7os ao Consumidor, que mede o varejo, subiu de 0,59% em fevereiro, para 1% em mar\u00e7o.<\/p>\n\n\n\n<p>Edi\u00e7\u00e3o: Val\u00e9ria Aguiar<\/p>\n","protected":false},"excerpt":{"rendered":"<p>A taxa \u00e9 inferior \u00e0 observada em fevereiro deste ano (2,71%) Por Vitor Abdala &#8211;<\/p>\n","protected":false},"author":2,"featured_media":12527,"comment_status":"open","ping_status":"open","sticky":false,"template":"","format":"standard","meta":{"footnotes":""},"categories":[17],"tags":[],"class_list":["post-12526","post","type-post","status-publish","format-standard","has-post-thumbnail","hentry","category-outras-noticias"],"_links":{"self":[{"href":"https:\/\/tvc16.com\/portal\/wp-json\/wp\/v2\/posts\/12526","targetHints":{"allow":["GET"]}}],"collection":[{"href":"https:\/\/tvc16.com\/portal\/wp-json\/wp\/v2\/posts"}],"about":[{"href":"https:\/\/tvc16.com\/portal\/wp-json\/wp\/v2\/types\/post"}],"author":[{"embeddable":true,"href":"https:\/\/tvc16.com\/portal\/wp-json\/wp\/v2\/users\/2"}],"replies":[{"embeddable":true,"href":"https:\/\/tvc16.com\/portal\/wp-json\/wp\/v2\/comments?post=12526"}],"version-history":[{"count":1,"href":"https:\/\/tvc16.com\/portal\/wp-json\/wp\/v2\/posts\/12526\/revisions"}],"predecessor-version":[{"id":12528,"href":"https:\/\/tvc16.com\/portal\/wp-json\/wp\/v2\/posts\/12526\/revisions\/12528"}],"wp:featuredmedia":[{"embeddable":true,"href":"https:\/\/tvc16.com\/portal\/wp-json\/wp\/v2\/media\/12527"}],"wp:attachment":[{"href":"https:\/\/tvc16.com\/portal\/wp-json\/wp\/v2\/media?parent=12526"}],"wp:term":[{"taxonomy":"category","embeddable":true,"href":"https:\/\/tvc16.com\/portal\/wp-json\/wp\/v2\/categories?post=12526"},{"taxonomy":"post_tag","embeddable":true,"href":"https:\/\/tvc16.com\/portal\/wp-json\/wp\/v2\/tags?post=12526"}],"curies":[{"name":"wp","href":"https:\/\/api.w.org\/{rel}","templated":true}]}}