{"id":12529,"date":"2021-04-07T11:13:47","date_gmt":"2021-04-07T14:13:47","guid":{"rendered":"https:\/\/tvc16.com\/portal\/?p=12529"},"modified":"2021-04-07T11:13:50","modified_gmt":"2021-04-07T14:13:50","slug":"india-registra-recorde-de-casos-de-covid-19","status":"publish","type":"post","link":"https:\/\/tvc16.com\/portal\/2021\/04\/07\/india-registra-recorde-de-casos-de-covid-19\/","title":{"rendered":"\u00cdndia registra recorde de casos de covid-19"},"content":{"rendered":"\n<h3 class=\"wp-block-heading\">Aumento \u00e9 de 13 vezes em dois meses<\/h3>\n\n\n\n<h4 class=\"wp-block-heading\">Por Krishna N. Das e Rama Venkat* &#8211; Rep\u00f3rteres da Reuters &#8211; Nova Delhi<\/h4>\n\n\n\n<p>A segunda onda de infec\u00e7\u00f5es pelo novo coronav\u00edrus na \u00cdndia continua a crescer.&nbsp;O&nbsp;pa\u00eds registrou recorde de 115.736 casos novos nesta quarta-feira (7), com aumento de 13 vezes em dois meses, o&nbsp;que aumenta a press\u00e3o para o governo ampliar sua campanha de vacina\u00e7\u00e3o.<img decoding=\"async\" src=\"https:\/\/agenciabrasil.ebc.com.br\/ebc.png?id=1406070&amp;o=node\"><img decoding=\"async\" src=\"https:\/\/agenciabrasil.ebc.com.br\/ebc.gif?id=1406070&amp;o=node\"><\/p>\n\n\n\n<p>O governo federal indiano pede que os estados decidam restri\u00e7\u00f5es regionais para controlar a dissemina\u00e7\u00e3o do v\u00edrus, mas por enquanto se recusa a impor um&nbsp;<em>lockdown<\/em>&nbsp;nacional porque o \u00faltimo de 2020 devastou sua economia.<\/p>\n\n\n\n<p>O n\u00famero total de casos, desde a primeira infec\u00e7\u00e3o registrada na \u00cdndia pouco mais de um ano atr\u00e1s, est\u00e1 em 12,8 milh\u00f5es, o que faz dela o terceiro pa\u00eds mais atingido do mundo, atr\u00e1s dos&nbsp;Estados Unidos (EUA) e do Brasil.<\/p>\n\n\n\n<p>As mortes aumentaram em 630 \u2013 a maior cifra em quatro dias \u2013 e chegaram a 166.177, de acordo com dados do Minist\u00e9rio da Sa\u00fade.<\/p>\n\n\n\n<p>O aumento di\u00e1rio de novos casos atingiu 100 mil duas vezes nesta semana. O \u00fanico outro pa\u00eds a registrar cifras como essa&nbsp;s\u00e3o os EUA.<\/p>\n\n\n\n<p>As infec\u00e7\u00f5es di\u00e1rias da \u00cdndia tamb\u00e9m ultrapassam o pico da primeira onda da epidemia, observada&nbsp;em setembro. No in\u00edcio de fevereiro, o pa\u00eds relatou 8.635 casos, uma baixa de muitos meses.<\/p>\n\n\n\n<p>Como a segunda onda est\u00e1 ganhando for\u00e7a, as autoridades de muitos estados \u2013 incluindo Maharashtra, o mais atingido&nbsp;\u2013 determinaram&nbsp;novas restri\u00e7\u00f5es regionais para conter o v\u00edrus, com variantes que se tornam mais infecciosas.<\/p>\n\n\n\n<p><em>*Com informa\u00e7\u00f5es adicionais de&nbsp;Jatindra Dash, Sanjeev Miglani e Rajendra Jadhav<\/em><\/p>\n","protected":false},"excerpt":{"rendered":"<p>Aumento \u00e9 de 13 vezes em dois meses Por Krishna N. Das e Rama Venkat*<\/p>\n","protected":false},"author":2,"featured_media":12530,"comment_status":"open","ping_status":"open","sticky":false,"template":"","format":"standard","meta":{"footnotes":""},"categories":[17],"tags":[],"class_list":["post-12529","post","type-post","status-publish","format-standard","has-post-thumbnail","hentry","category-outras-noticias"],"_links":{"self":[{"href":"https:\/\/tvc16.com\/portal\/wp-json\/wp\/v2\/posts\/12529","targetHints":{"allow":["GET"]}}],"collection":[{"href":"https:\/\/tvc16.com\/portal\/wp-json\/wp\/v2\/posts"}],"about":[{"href":"https:\/\/tvc16.com\/portal\/wp-json\/wp\/v2\/types\/post"}],"author":[{"embeddable":true,"href":"https:\/\/tvc16.com\/portal\/wp-json\/wp\/v2\/users\/2"}],"replies":[{"embeddable":true,"href":"https:\/\/tvc16.com\/portal\/wp-json\/wp\/v2\/comments?post=12529"}],"version-history":[{"count":1,"href":"https:\/\/tvc16.com\/portal\/wp-json\/wp\/v2\/posts\/12529\/revisions"}],"predecessor-version":[{"id":12531,"href":"https:\/\/tvc16.com\/portal\/wp-json\/wp\/v2\/posts\/12529\/revisions\/12531"}],"wp:featuredmedia":[{"embeddable":true,"href":"https:\/\/tvc16.com\/portal\/wp-json\/wp\/v2\/media\/12530"}],"wp:attachment":[{"href":"https:\/\/tvc16.com\/portal\/wp-json\/wp\/v2\/media?parent=12529"}],"wp:term":[{"taxonomy":"category","embeddable":true,"href":"https:\/\/tvc16.com\/portal\/wp-json\/wp\/v2\/categories?post=12529"},{"taxonomy":"post_tag","embeddable":true,"href":"https:\/\/tvc16.com\/portal\/wp-json\/wp\/v2\/tags?post=12529"}],"curies":[{"name":"wp","href":"https:\/\/api.w.org\/{rel}","templated":true}]}}