{"id":12538,"date":"2021-04-07T11:16:33","date_gmt":"2021-04-07T14:16:33","guid":{"rendered":"https:\/\/tvc16.com\/portal\/?p=12538"},"modified":"2021-04-07T11:16:36","modified_gmt":"2021-04-07T14:16:36","slug":"covid-19-um-terco-dos-sobreviventes-tem-disturbios-mostra-estudo","status":"publish","type":"post","link":"https:\/\/tvc16.com\/portal\/2021\/04\/07\/covid-19-um-terco-dos-sobreviventes-tem-disturbios-mostra-estudo\/","title":{"rendered":"Covid-19: um ter\u00e7o dos sobreviventes tem dist\u00farbios, mostra estudo"},"content":{"rendered":"\n<h3 class=\"wp-block-heading\">Problemas neurol\u00f3gicos ou mentais foram observados por pesquisadores<\/h3>\n\n\n\n<h4 class=\"wp-block-heading\">Por Kate Kelland &#8211; Rep\u00f3rter da Reuters &#8211; Londres<\/h4>\n\n\n\n<p>Estudo com mais de 230 mil pacientes, a maioria deles norte-americanos, mostrou que um, em cada tr\u00eas sobreviventes da covid-19,&nbsp;foi diagnosticado com dist\u00farbio cerebral ou psiqui\u00e1trico dentro de seis meses, indicando&nbsp;que a pandemia pode levar a uma onda de problemas mentais e neurol\u00f3gicos, afirmaram cientistas nessa ter\u00e7a-feira (6).<img decoding=\"async\" src=\"https:\/\/agenciabrasil.ebc.com.br\/ebc.png?id=1406059&amp;o=node\"><img decoding=\"async\" src=\"https:\/\/agenciabrasil.ebc.com.br\/ebc.gif?id=1406059&amp;o=node\"><\/p>\n\n\n\n<p>Os pesquisadores que conduziram a an\u00e1lise disseram que n\u00e3o est\u00e1 claro como o v\u00edrus est\u00e1 ligado a condi\u00e7\u00f5es psiqui\u00e1tricas como a ansiedade e a depress\u00e3o, mas que esses s\u00e3o os diagn\u00f3sticos mais comuns entre os 14 dist\u00farbios que foram considerados.&nbsp;<\/p>\n\n\n\n<p>Casos de derrame, dem\u00eancia e outros dist\u00farbios neurol\u00f3gicos ap\u00f3s a covid-19 s\u00e3o mais raros, segundo os pesquisadores, mas ainda assim s\u00e3o significativos, especialmente em pacientes que tiveram quadros graves da doen\u00e7a.<\/p>\n\n\n\n<p>&#8220;Nossos resultados indicam que doen\u00e7as cerebrais e dist\u00farbios psiqui\u00e1tricos s\u00e3o mais comuns ap\u00f3s a covid-19 do que ap\u00f3s a gripe ou outras infec\u00e7\u00f5es respirat\u00f3rias&#8221;, disse Max Taquet, psiquiatra da Universidade brit\u00e2nica de Oxford, um dos coautores do trabalho.<\/p>\n\n\n\n<p>O estudo n\u00e3o p\u00f4de determinar os mecanismos biol\u00f3gicos ou psicol\u00f3gicos envolvidos, afirmou Taquet, mas pesquisas urgentes s\u00e3o necess\u00e1rias para identific\u00e1-los &#8220;com uma vis\u00e3o para prevenir e trat\u00e1-los&#8221;.<\/p>\n\n\n\n<p>Especialistas de sa\u00fade est\u00e3o cada vez mais preocupados com evid\u00eancias de riscos mais altos de dist\u00farbios neurol\u00f3gicos e mentais entre sobreviventes da covid-19. Um estudo anterior, feito pelos mesmos pesquisadores, concluiu no ano passado que 20% dos sobreviventes da covid-19 foram diagnosticados com algum problema psiqui\u00e1trico dentro de um per\u00edodo de tr\u00eas meses.<\/p>\n\n\n\n<p>O novo estudo, publicado na revista<em>&nbsp;Lancet Psychiatry<\/em>, analisou registros de sa\u00fade de 236.379 pacientes,&nbsp;a maioria nos Estados Unidos, e concluiu que 34% deles foram diagnosticados com doen\u00e7as psiqui\u00e1tricas ou neurol\u00f3gicas em seis meses.&nbsp;<\/p>\n\n\n\n<p>Os dist\u00farbios s\u00e3o significativamente mais comuns em pacientes da covid-19 do que em grupos de compara\u00e7\u00e3o com pessoas que se recuperaram da gripe ou de outras infec\u00e7\u00f5es respirat\u00f3rias no mesmo per\u00edodo de tempo, disseram os cientistas, sugerindo que a covid-19 tenha impacto espec\u00edfico.&nbsp;<\/p>\n\n\n\n<p>A ansiedade, com 17%, e dist\u00farbios de humor, com 14%, s\u00e3o os mais comuns, e n\u00e3o parecem estar relacionados ao fato de a infec\u00e7\u00e3o ter sido&nbsp;leve ou grave no paciente.&nbsp;<\/p>\n\n\n\n<p>Entre os que foram internados em unidades de tratamento intensivo com quadro grave de covid-19, no entanto, 7% apresentaram derrame dentro de seis meses, e cerca de 2% foram diagnosticados com dem\u00eancia.<\/p>\n\n\n\n<p>&#8220;Embora os riscos individuais para a maioria dos dist\u00farbios tenha sido pequeno, o efeito por toda a popula\u00e7\u00e3o pode ser substancial&#8221;, disse Paul Harrison, professor de psiquiatria de Oxford que tamb\u00e9m participou&nbsp;do estudo.<\/p>\n","protected":false},"excerpt":{"rendered":"<p>Problemas neurol\u00f3gicos ou mentais foram observados por pesquisadores Por Kate Kelland &#8211; Rep\u00f3rter da Reuters<\/p>\n","protected":false},"author":2,"featured_media":12539,"comment_status":"open","ping_status":"open","sticky":false,"template":"","format":"standard","meta":{"footnotes":""},"categories":[17],"tags":[],"class_list":["post-12538","post","type-post","status-publish","format-standard","has-post-thumbnail","hentry","category-outras-noticias"],"_links":{"self":[{"href":"https:\/\/tvc16.com\/portal\/wp-json\/wp\/v2\/posts\/12538","targetHints":{"allow":["GET"]}}],"collection":[{"href":"https:\/\/tvc16.com\/portal\/wp-json\/wp\/v2\/posts"}],"about":[{"href":"https:\/\/tvc16.com\/portal\/wp-json\/wp\/v2\/types\/post"}],"author":[{"embeddable":true,"href":"https:\/\/tvc16.com\/portal\/wp-json\/wp\/v2\/users\/2"}],"replies":[{"embeddable":true,"href":"https:\/\/tvc16.com\/portal\/wp-json\/wp\/v2\/comments?post=12538"}],"version-history":[{"count":1,"href":"https:\/\/tvc16.com\/portal\/wp-json\/wp\/v2\/posts\/12538\/revisions"}],"predecessor-version":[{"id":12540,"href":"https:\/\/tvc16.com\/portal\/wp-json\/wp\/v2\/posts\/12538\/revisions\/12540"}],"wp:featuredmedia":[{"embeddable":true,"href":"https:\/\/tvc16.com\/portal\/wp-json\/wp\/v2\/media\/12539"}],"wp:attachment":[{"href":"https:\/\/tvc16.com\/portal\/wp-json\/wp\/v2\/media?parent=12538"}],"wp:term":[{"taxonomy":"category","embeddable":true,"href":"https:\/\/tvc16.com\/portal\/wp-json\/wp\/v2\/categories?post=12538"},{"taxonomy":"post_tag","embeddable":true,"href":"https:\/\/tvc16.com\/portal\/wp-json\/wp\/v2\/tags?post=12538"}],"curies":[{"name":"wp","href":"https:\/\/api.w.org\/{rel}","templated":true}]}}