{"id":12541,"date":"2021-04-07T15:08:32","date_gmt":"2021-04-07T18:08:32","guid":{"rendered":"https:\/\/tvc16.com\/portal\/?p=12541"},"modified":"2021-04-07T15:17:22","modified_gmt":"2021-04-07T18:17:22","slug":"policia-ambiental-flagra-atividade-poluidora-em-araras","status":"publish","type":"post","link":"https:\/\/tvc16.com\/portal\/2021\/04\/07\/policia-ambiental-flagra-atividade-poluidora-em-araras\/","title":{"rendered":"Pol\u00edcia ambiental flagra atividade poluidora em Araras"},"content":{"rendered":"\n<p>Uma den\u00fancia feita ao programa Linha Verde do Disque Den\u00fancia sobre uma madeireira clandestina disfar\u00e7ada de marcenaria, levou policiais militares nesta quarta-feira (07), na Estrada Bernardo Coutinho, em Araras. <\/p>\n\n\n\n<figure class=\"wp-block-image size-large\"><img loading=\"lazy\" decoding=\"async\" width=\"1024\" height=\"768\" src=\"https:\/\/tvc16.com\/portal\/wp-content\/uploads\/2021\/04\/WhatsApp-Image-2021-04-07-at-14.59.42-1024x768.jpeg\" alt=\"\" class=\"wp-image-12543\" srcset=\"https:\/\/tvc16.com\/portal\/wp-content\/uploads\/2021\/04\/WhatsApp-Image-2021-04-07-at-14.59.42-1024x768.jpeg 1024w, https:\/\/tvc16.com\/portal\/wp-content\/uploads\/2021\/04\/WhatsApp-Image-2021-04-07-at-14.59.42-300x225.jpeg 300w, https:\/\/tvc16.com\/portal\/wp-content\/uploads\/2021\/04\/WhatsApp-Image-2021-04-07-at-14.59.42-768x576.jpeg 768w, https:\/\/tvc16.com\/portal\/wp-content\/uploads\/2021\/04\/WhatsApp-Image-2021-04-07-at-14.59.42-200x150.jpeg 200w, https:\/\/tvc16.com\/portal\/wp-content\/uploads\/2021\/04\/WhatsApp-Image-2021-04-07-at-14.59.42.jpeg 1280w\" sizes=\"auto, (max-width: 1024px) 100vw, 1024px\" \/><\/figure>\n\n\n\n<p>No local os agentes constataram uma atividade potencialmente poluidora de fabrica\u00e7\u00e3o de artefatos de madeira. Eles foram recebidos no estabelecimento pelo acusado de cometer crime ambiental, que disse n\u00e3o possuir as autoriza\u00e7\u00f5es necess\u00e1rias para realizar as atividades que estavam sendo feitas.<\/p>\n\n\n\n<figure class=\"wp-block-image size-large\"><img loading=\"lazy\" decoding=\"async\" width=\"1024\" height=\"768\" src=\"https:\/\/tvc16.com\/portal\/wp-content\/uploads\/2021\/04\/WhatsApp-Image-2021-04-07-at-14.59.40-1024x768.jpeg\" alt=\"\" class=\"wp-image-12544\" srcset=\"https:\/\/tvc16.com\/portal\/wp-content\/uploads\/2021\/04\/WhatsApp-Image-2021-04-07-at-14.59.40-1024x768.jpeg 1024w, https:\/\/tvc16.com\/portal\/wp-content\/uploads\/2021\/04\/WhatsApp-Image-2021-04-07-at-14.59.40-300x225.jpeg 300w, https:\/\/tvc16.com\/portal\/wp-content\/uploads\/2021\/04\/WhatsApp-Image-2021-04-07-at-14.59.40-768x576.jpeg 768w, https:\/\/tvc16.com\/portal\/wp-content\/uploads\/2021\/04\/WhatsApp-Image-2021-04-07-at-14.59.40-200x150.jpeg 200w, https:\/\/tvc16.com\/portal\/wp-content\/uploads\/2021\/04\/WhatsApp-Image-2021-04-07-at-14.59.40.jpeg 1280w\" sizes=\"auto, (max-width: 1024px) 100vw, 1024px\" \/><\/figure>\n\n\n\n<p>De acordo com os agentes lotados na Unidade de Policiamento Ambiental do Parque Estadual dos Tr\u00eas Picos, durante a fiscaliza\u00e7\u00e3o, foi observado que parte da serragem era ensacada e comercializada, enquanto que a outra parte do res\u00edduo era colocado em uma ca\u00e7amba e recolhido pela prefeitura, mas sem destino declarado no manifesto de res\u00edduo. <\/p>\n\n\n\n<p>Ainda segundo os agentes da 5\u00aa UPAm, as sobras das madeiras serradas vinham sendo colocadas em contato com o solo e a vegeta\u00e7\u00e3o local, em uma \u00e1rea cuja degrada\u00e7\u00e3o ambiental chega a 500 m\u00b2. <\/p>\n\n\n\n<p>Diante dos flagrantes o homem foi levado para a 106\u00aa Delegacia de Pol\u00edcia, em Itaipava, onde a ocorr\u00eancia foi registrada com base no artigo 60 da lei de crimes ambientais.<\/p>\n\n\n\n<p>O Linha Verde solicita a popula\u00e7\u00e3o que continue denunciando crimes contra o meio ambiente atrav\u00e9s dos telefones 03000 253 1177 (custo de liga\u00e7\u00e3o local) e (21) 2253 1177, pelo aplicativo \u201cDisque Den\u00fancia RJ\u201d ou ainda por meio do site do Disque Den\u00fancia (<a href=\"http:\/\/www.disquedenuncia.org.br\/\"><strong>www.disquedenuncia.org.br<\/strong><\/a>). Em todos os canais, o anonimato \u00e9 garantido ao denunciante.<\/p>\n\n\n\n<p><\/p>\n\n\n\n<p><\/p>\n","protected":false},"excerpt":{"rendered":"<p>Uma den\u00fancia feita ao programa Linha Verde do Disque Den\u00fancia sobre uma madeireira clandestina disfar\u00e7ada<\/p>\n","protected":false},"author":2,"featured_media":12542,"comment_status":"open","ping_status":"open","sticky":false,"template":"","format":"standard","meta":{"footnotes":""},"categories":[12],"tags":[],"class_list":["post-12541","post","type-post","status-publish","format-standard","has-post-thumbnail","hentry","category-cidade"],"_links":{"self":[{"href":"https:\/\/tvc16.com\/portal\/wp-json\/wp\/v2\/posts\/12541","targetHints":{"allow":["GET"]}}],"collection":[{"href":"https:\/\/tvc16.com\/portal\/wp-json\/wp\/v2\/posts"}],"about":[{"href":"https:\/\/tvc16.com\/portal\/wp-json\/wp\/v2\/types\/post"}],"author":[{"embeddable":true,"href":"https:\/\/tvc16.com\/portal\/wp-json\/wp\/v2\/users\/2"}],"replies":[{"embeddable":true,"href":"https:\/\/tvc16.com\/portal\/wp-json\/wp\/v2\/comments?post=12541"}],"version-history":[{"count":2,"href":"https:\/\/tvc16.com\/portal\/wp-json\/wp\/v2\/posts\/12541\/revisions"}],"predecessor-version":[{"id":12546,"href":"https:\/\/tvc16.com\/portal\/wp-json\/wp\/v2\/posts\/12541\/revisions\/12546"}],"wp:featuredmedia":[{"embeddable":true,"href":"https:\/\/tvc16.com\/portal\/wp-json\/wp\/v2\/media\/12542"}],"wp:attachment":[{"href":"https:\/\/tvc16.com\/portal\/wp-json\/wp\/v2\/media?parent=12541"}],"wp:term":[{"taxonomy":"category","embeddable":true,"href":"https:\/\/tvc16.com\/portal\/wp-json\/wp\/v2\/categories?post=12541"},{"taxonomy":"post_tag","embeddable":true,"href":"https:\/\/tvc16.com\/portal\/wp-json\/wp\/v2\/tags?post=12541"}],"curies":[{"name":"wp","href":"https:\/\/api.w.org\/{rel}","templated":true}]}}