{"id":1255,"date":"2020-09-25T15:38:41","date_gmt":"2020-09-25T15:38:41","guid":{"rendered":"https:\/\/tvc16.com\/portal\/?p=1255"},"modified":"2020-09-25T15:38:41","modified_gmt":"2020-09-25T15:38:41","slug":"presidente-jair-bolsonaro-esta-sem-febre-ou-dor-apos-cirurgia","status":"publish","type":"post","link":"https:\/\/tvc16.com\/portal\/2020\/09\/25\/presidente-jair-bolsonaro-esta-sem-febre-ou-dor-apos-cirurgia\/","title":{"rendered":"Presidente Jair Bolsonaro est\u00e1 sem febre ou dor ap\u00f3s cirurgia"},"content":{"rendered":"\n<p>O presidente tirou c\u00e1lculo na bexiga nesta sexta-feira<\/p>\n\n\n\n<p>Ap\u00f3s passar por cirurgia para&nbsp;<a href=\"https:\/\/agenciabrasil.ebc.com.br\/geral\/noticia\/2020-09\/bolsonaro-fara-cirurgia-hoje-em-sao-paulo\" target=\"_blank\" rel=\"noreferrer noopener\">retirada de c\u00e1lculo<\/a>&nbsp;na bexiga, o&nbsp;presidente Jair Bolsonaro est\u00e1 clinicamente est\u00e1vel, sem febre&nbsp;e sem dor. A interven\u00e7\u00e3o foi realizada na manh\u00e3 de hoje (25) no Hospital Israelita Albert Einstein, em S\u00e3o Paulo.<img decoding=\"async\" src=\"https:\/\/agenciabrasil.ebc.com.br\/ebc.png?id=1388946&amp;o=node\"><img decoding=\"async\" src=\"https:\/\/agenciabrasil.ebc.com.br\/ebc.gif?id=1388946&amp;o=node\"><\/p>\n\n\n\n<p>De acordo com o boletim m\u00e9dico, o c\u00e1lculo foi totalmente removido. O procedimento, cistolitotripsia endosc\u00f3pica a laser, foi realizado sem intercorr\u00eancias e teve dura\u00e7\u00e3o de uma hora e meia. O boletim \u00e9 assinado pelo cardiologista Leandro Santini Echenique, pelo urologista Leonardo Lima Borges e pelo diretor-superintendente do hospital Miguel Cendoroglo.<\/p>\n\n\n\n<p>Bolsonaro foi diagnosticado com c\u00e1lculo no fim de agosto, ap\u00f3s ser submetido a&nbsp;ultrassonografia no departamento m\u00e9dico do Pal\u00e1cio do Planalto.<\/p>\n\n\n\n<p>Por Andreia Verd\u00e9lio \u2013 Rep\u00f3rter da Ag\u00eancia Brasil &#8211; Bras\u00edlia<\/p>\n\n\n\n<p>Edi\u00e7\u00e3o: Aline Leal<\/p>\n","protected":false},"excerpt":{"rendered":"<p>O presidente tirou c\u00e1lculo na bexiga nesta sexta-feira Ap\u00f3s passar por cirurgia para&nbsp;retirada de c\u00e1lculo&nbsp;na<\/p>\n","protected":false},"author":2,"featured_media":1256,"comment_status":"open","ping_status":"open","sticky":false,"template":"","format":"standard","meta":{"footnotes":""},"categories":[15],"tags":[],"class_list":["post-1255","post","type-post","status-publish","format-standard","has-post-thumbnail","hentry","category-politica"],"_links":{"self":[{"href":"https:\/\/tvc16.com\/portal\/wp-json\/wp\/v2\/posts\/1255","targetHints":{"allow":["GET"]}}],"collection":[{"href":"https:\/\/tvc16.com\/portal\/wp-json\/wp\/v2\/posts"}],"about":[{"href":"https:\/\/tvc16.com\/portal\/wp-json\/wp\/v2\/types\/post"}],"author":[{"embeddable":true,"href":"https:\/\/tvc16.com\/portal\/wp-json\/wp\/v2\/users\/2"}],"replies":[{"embeddable":true,"href":"https:\/\/tvc16.com\/portal\/wp-json\/wp\/v2\/comments?post=1255"}],"version-history":[{"count":1,"href":"https:\/\/tvc16.com\/portal\/wp-json\/wp\/v2\/posts\/1255\/revisions"}],"predecessor-version":[{"id":1257,"href":"https:\/\/tvc16.com\/portal\/wp-json\/wp\/v2\/posts\/1255\/revisions\/1257"}],"wp:featuredmedia":[{"embeddable":true,"href":"https:\/\/tvc16.com\/portal\/wp-json\/wp\/v2\/media\/1256"}],"wp:attachment":[{"href":"https:\/\/tvc16.com\/portal\/wp-json\/wp\/v2\/media?parent=1255"}],"wp:term":[{"taxonomy":"category","embeddable":true,"href":"https:\/\/tvc16.com\/portal\/wp-json\/wp\/v2\/categories?post=1255"},{"taxonomy":"post_tag","embeddable":true,"href":"https:\/\/tvc16.com\/portal\/wp-json\/wp\/v2\/tags?post=1255"}],"curies":[{"name":"wp","href":"https:\/\/api.w.org\/{rel}","templated":true}]}}