{"id":12550,"date":"2021-04-07T17:25:38","date_gmt":"2021-04-07T20:25:38","guid":{"rendered":"https:\/\/tvc16.com\/portal\/?p=12550"},"modified":"2021-04-07T17:25:41","modified_gmt":"2021-04-07T20:25:41","slug":"resultado-do-concurso-de-desenho-fotografia-e-poesia-da-secretaria-de-educacao-sera-divulgado-no-dia-14-de-abril","status":"publish","type":"post","link":"https:\/\/tvc16.com\/portal\/2021\/04\/07\/resultado-do-concurso-de-desenho-fotografia-e-poesia-da-secretaria-de-educacao-sera-divulgado-no-dia-14-de-abril\/","title":{"rendered":"Resultado do concurso de Desenho, Fotografia e Poesia da Secretaria de Educa\u00e7\u00e3o ser\u00e1 divulgado no dia 14 de abril"},"content":{"rendered":"\n<p>O governo municipal interino, por meio da Secretaria de Educa\u00e7\u00e3o, lan\u00e7ou o concurso de desenho, fotografia e poesia para os estudantes e funcion\u00e1rios da rede municipal de ensino com o tema \u201cPetr\u00f3polis &#8211; N\u00f3s cuidamos do meio ambiente: nossa terra, nossa \u00e1gua e nossa hist\u00f3ria\u201d. A Secretaria de Educa\u00e7\u00e3o vai divulgar o nome dos premiados de acordo com as categorias na pr\u00f3xima quarta-feira (14.04).<\/p>\n\n\n\n<p>A ideia do concurso surgiu como uma forma de resgate e valoriza\u00e7\u00e3o da hist\u00f3ria da cidade, com o foco voltado para a conscientiza\u00e7\u00e3o na quest\u00e3o da preserva\u00e7\u00e3o ambiental. A atividade foi dividida em tr\u00eas modalidades: desenho, fotografia e poesia. Alunos que conquistarem o 1\u00ba lugar de cada categoria ser\u00e3o premiados com um celular. J\u00e1 os servidores que tiverem suas obras liter\u00e1rias escolhidas ganhar\u00e3o pr\u00eamios diversificados como estadia em hotel, acesso a restaurantes, curso de ingl\u00eas e exemplares de livro.<\/p>\n\n\n\n<p>As categorias foram definidas correlacionadas ao ano de escolaridade para manter uma concorr\u00eancia justa entre os participantes. Os alunos da educa\u00e7\u00e3o infantil at\u00e9 o 5\u00ba ano do fundamental podem participar do concurso de desenho. Os alunos do 2\u00ba segmento do ensino fundamental at\u00e9 o Ensino M\u00e9dio (Liceu Municipal), al\u00e9m dos estudantes da Educa\u00e7\u00e3o de Jovens e Adultos (EJA) est\u00e3o aptos a participar do concurso de fotografia. Os servidores estatut\u00e1rios da Secretaria de Educa\u00e7\u00e3o ativos est\u00e3o condicionados a participa\u00e7\u00e3o no concurso liter\u00e1rio. Todo material desenvolvido ser\u00e1 postado na plataforma Educa em Casa e tamb\u00e9m nas redes sociais.<\/p>\n","protected":false},"excerpt":{"rendered":"<p>O governo municipal interino, por meio da Secretaria de Educa\u00e7\u00e3o, lan\u00e7ou o concurso de desenho,<\/p>\n","protected":false},"author":2,"featured_media":12238,"comment_status":"open","ping_status":"open","sticky":false,"template":"","format":"standard","meta":{"footnotes":""},"categories":[12],"tags":[],"class_list":["post-12550","post","type-post","status-publish","format-standard","has-post-thumbnail","hentry","category-cidade"],"_links":{"self":[{"href":"https:\/\/tvc16.com\/portal\/wp-json\/wp\/v2\/posts\/12550","targetHints":{"allow":["GET"]}}],"collection":[{"href":"https:\/\/tvc16.com\/portal\/wp-json\/wp\/v2\/posts"}],"about":[{"href":"https:\/\/tvc16.com\/portal\/wp-json\/wp\/v2\/types\/post"}],"author":[{"embeddable":true,"href":"https:\/\/tvc16.com\/portal\/wp-json\/wp\/v2\/users\/2"}],"replies":[{"embeddable":true,"href":"https:\/\/tvc16.com\/portal\/wp-json\/wp\/v2\/comments?post=12550"}],"version-history":[{"count":1,"href":"https:\/\/tvc16.com\/portal\/wp-json\/wp\/v2\/posts\/12550\/revisions"}],"predecessor-version":[{"id":12551,"href":"https:\/\/tvc16.com\/portal\/wp-json\/wp\/v2\/posts\/12550\/revisions\/12551"}],"wp:featuredmedia":[{"embeddable":true,"href":"https:\/\/tvc16.com\/portal\/wp-json\/wp\/v2\/media\/12238"}],"wp:attachment":[{"href":"https:\/\/tvc16.com\/portal\/wp-json\/wp\/v2\/media?parent=12550"}],"wp:term":[{"taxonomy":"category","embeddable":true,"href":"https:\/\/tvc16.com\/portal\/wp-json\/wp\/v2\/categories?post=12550"},{"taxonomy":"post_tag","embeddable":true,"href":"https:\/\/tvc16.com\/portal\/wp-json\/wp\/v2\/tags?post=12550"}],"curies":[{"name":"wp","href":"https:\/\/api.w.org\/{rel}","templated":true}]}}