{"id":12568,"date":"2021-04-07T17:42:39","date_gmt":"2021-04-07T20:42:39","guid":{"rendered":"https:\/\/tvc16.com\/portal\/?p=12568"},"modified":"2021-04-07T17:42:41","modified_gmt":"2021-04-07T20:42:41","slug":"sicomercio-orienta-lojistas-sobre-possivel-reabertura-do-comercio-nesta-sexta-feira","status":"publish","type":"post","link":"https:\/\/tvc16.com\/portal\/2021\/04\/07\/sicomercio-orienta-lojistas-sobre-possivel-reabertura-do-comercio-nesta-sexta-feira\/","title":{"rendered":"Sicom\u00e9rcio orienta lojistas sobre poss\u00edvel reabertura do com\u00e9rcio nesta sexta-feira"},"content":{"rendered":"\n<p>Com a possibilidade de reabertura do com\u00e9rcio para o dia 09 de abril, o Sindicato do Com\u00e9rcio Varejista de Petr\u00f3polis (Sicom\u00e9rcio) promoveu uma campanha interna com os empres\u00e1rios dos setores de bens e servi\u00e7os da cidade refor\u00e7ando os protocolos de biosseguran\u00e7a nos estabelecimentos comerciais do munic\u00edpio.<\/p>\n\n\n\n<p>\u201c\u00c9 necess\u00e1rio que todos corroborem com os cuidados para interromper a dissemina\u00e7\u00e3o do v\u00edrus. O Sicom\u00e9rcio acompanha atentamente os boletins divulgados pela prefeitura e cumpre os decretos editados pelos governos. O com\u00e9rcio n\u00e3o \u00e9 o respons\u00e1vel pelas aglomera\u00e7\u00f5es que tem causado esse disparo nos casos. A responsabilidade pelo coletivo \u00e9 de todos e por isso estamos cobrando dos lojistas que os protocolos estipulados pelos \u00f3rg\u00e3os de sa\u00fade sejam seguidos criteriosamente. Assim diminu\u00edmos a margem para responsabiliza\u00e7\u00e3o do com\u00e9rcio pelo aumento dos casos\u201d, explica Marcelo Fiorini, presidente do Sicom\u00e9rcio.<\/p>\n\n\n\n<p>Para garantir seguran\u00e7a no atendimento, as lojas est\u00e3o seguindo as diretrizes do decreto que garante a reabertura do com\u00e9rcio, como:<\/p>\n\n\n\n<ul class=\"wp-block-list\"><li>Disposi\u00e7\u00e3o de \u00e1lcool em gel para higieniza\u00e7\u00e3o das m\u00e3os de clientes e colaboradores;<\/li><\/ul>\n\n\n\n<ul class=\"wp-block-list\"><li>Limpeza constante do interior das lojas;<\/li><\/ul>\n\n\n\n<ul class=\"wp-block-list\"><li>Atendimento seguindo distanciamento de no m\u00ednimo 1,5m;<\/li><\/ul>\n\n\n\n<ul class=\"wp-block-list\"><li>Controle de acesso \u00e0s lojas adequando o limite de capacidade da loja;<\/li><\/ul>\n\n\n\n<ul class=\"wp-block-list\"><li>Obrigatoriedade do uso de m\u00e1scaras pelos colaboradores e atendimento apenas aos clientes que, tamb\u00e9m, utilizem a prote\u00e7\u00e3o individual.<\/li><\/ul>\n\n\n\n<p>O Sicom\u00e9rcio distribuiu eletronicamente aos associados e empres\u00e1rios do com\u00e9rcio em geral um lembrete das normas que devem ser seguidas e um alerta sobre o refor\u00e7o dos cuidados no per\u00edodo de atendimento ao p\u00fablico.<\/p>\n\n\n\n<p>\u201cOs empres\u00e1rios est\u00e3o comprometidos desde o in\u00edcio da pandemia em garantir que o atendimento seja seguro. O interior dos estabelecimentos \u00e9 higienizado com frequ\u00eancia e o controle de acesso \u00e0s lojas \u00e9 r\u00edgido. N\u00e3o queremos adoecer nossa cidade e sabemos da responsabilidade que temos para manter empregos e a economia da cidade girando\u201d, refor\u00e7a Heitor Carneiro, diretor do Sicom\u00e9rcio.<\/p>\n\n\n\n<p>Enquanto orienta que os lojistas fa\u00e7am sua parte no combate \u00e0 COVID-19, o Sicom\u00e9rcio refor\u00e7a a necessidade da acelera\u00e7\u00e3o da vacina\u00e7\u00e3o e efici\u00eancia nos atendimentos nos postos m\u00e9dicos. Para o Sindicato, somente a vacina\u00e7\u00e3o combinada com distanciamento social poder\u00e1 erradicar a pandemia.<\/p>\n\n\n\n<p>\u201cObservamos que mesmo com o fechamento do com\u00e9rcio, a movimenta\u00e7\u00e3o nas ruas do centro e bairros continua alta. Observamos isso tamb\u00e9m no transporte p\u00fablico, supermercados e farm\u00e1cias. N\u00e3o h\u00e1 medidas efetivas e eficientes vindas dos governos e isso acaba prejudicando a popula\u00e7\u00e3o e atinge diretamente o setor de bens e servi\u00e7os\u201d, conclui Marcelo.<\/p>\n\n\n\n<p><strong>Reabertura do com\u00e9rcio<\/strong><\/p>\n\n\n\n<p>O decreto municipal publicado em no dia 04 de abril de 2021 autoriza o retorno das atividades do com\u00e9rcio em geral a partir do dia 09 de abril. Os hor\u00e1rios de funcionamento das atividades n\u00e3o essenciais nos polos comerciais seguir\u00e3o o escalonamento determinado:<\/p>\n\n\n\n<p>Polo da Rua Tereza &#8211; 9h \u00e0s 18h;<\/p>\n\n\n\n<p>Centro Hist\u00f3rico &#8211; 10h \u00e0s 19h;<\/p>\n\n\n\n<p>Polo de modas Bingen &#8211; 9h \u00e0s 18h;<\/p>\n\n\n\n<p>Ferinha de Itaipava &#8211; 10h \u00e0s 19h.<\/p>\n","protected":false},"excerpt":{"rendered":"<p>Com a possibilidade de reabertura do com\u00e9rcio para o dia 09 de abril, o Sindicato<\/p>\n","protected":false},"author":2,"featured_media":12569,"comment_status":"open","ping_status":"open","sticky":false,"template":"","format":"standard","meta":{"footnotes":""},"categories":[12],"tags":[],"class_list":["post-12568","post","type-post","status-publish","format-standard","has-post-thumbnail","hentry","category-cidade"],"_links":{"self":[{"href":"https:\/\/tvc16.com\/portal\/wp-json\/wp\/v2\/posts\/12568","targetHints":{"allow":["GET"]}}],"collection":[{"href":"https:\/\/tvc16.com\/portal\/wp-json\/wp\/v2\/posts"}],"about":[{"href":"https:\/\/tvc16.com\/portal\/wp-json\/wp\/v2\/types\/post"}],"author":[{"embeddable":true,"href":"https:\/\/tvc16.com\/portal\/wp-json\/wp\/v2\/users\/2"}],"replies":[{"embeddable":true,"href":"https:\/\/tvc16.com\/portal\/wp-json\/wp\/v2\/comments?post=12568"}],"version-history":[{"count":1,"href":"https:\/\/tvc16.com\/portal\/wp-json\/wp\/v2\/posts\/12568\/revisions"}],"predecessor-version":[{"id":12570,"href":"https:\/\/tvc16.com\/portal\/wp-json\/wp\/v2\/posts\/12568\/revisions\/12570"}],"wp:featuredmedia":[{"embeddable":true,"href":"https:\/\/tvc16.com\/portal\/wp-json\/wp\/v2\/media\/12569"}],"wp:attachment":[{"href":"https:\/\/tvc16.com\/portal\/wp-json\/wp\/v2\/media?parent=12568"}],"wp:term":[{"taxonomy":"category","embeddable":true,"href":"https:\/\/tvc16.com\/portal\/wp-json\/wp\/v2\/categories?post=12568"},{"taxonomy":"post_tag","embeddable":true,"href":"https:\/\/tvc16.com\/portal\/wp-json\/wp\/v2\/tags?post=12568"}],"curies":[{"name":"wp","href":"https:\/\/api.w.org\/{rel}","templated":true}]}}