{"id":12574,"date":"2021-04-07T19:55:34","date_gmt":"2021-04-07T22:55:34","guid":{"rendered":"https:\/\/tvc16.com\/portal\/?p=12574"},"modified":"2021-04-07T19:55:35","modified_gmt":"2021-04-07T22:55:35","slug":"covid-19-113-da-populacao-ja-recebeu-a-primeira-dose-da-vacina","status":"publish","type":"post","link":"https:\/\/tvc16.com\/portal\/2021\/04\/07\/covid-19-113-da-populacao-ja-recebeu-a-primeira-dose-da-vacina\/","title":{"rendered":"Covid-19: 11,3% da popula\u00e7\u00e3o j\u00e1 recebeu a primeira dose da vacina"},"content":{"rendered":"\n<p>Vacina\u00e7\u00e3o no munic\u00edpio segue acima da m\u00e9dia nacional e do Estado<\/p>\n\n\n\n<p>Petr\u00f3polis vacinou at\u00e9 a \u00faltima ter\u00e7a-feira (06\/3) 34.802 pessoas, o que significa que 11,3% da popula\u00e7\u00e3o da cidade j\u00e1 recebeu a primeira dose do imunizante. O percentual atingido aponta que Petr\u00f3polis mant\u00e9m \u00edndice de vacina\u00e7\u00e3o superior as m\u00e9dias registradas no Estado do Rio de Janeiro (8,1% da popula\u00e7\u00e3o vacinada) e no pa\u00eds (8,5% da popula\u00e7\u00e3o vacinada). No munic\u00edpio 9.911 pessoas j\u00e1 conclu\u00edram o esquema de vacina\u00e7\u00e3o, recebendo a segunda dose do imunizante, o que corresponde a 3,2% da popula\u00e7\u00e3o. O \u00edndice tamb\u00e9m a cima das m\u00e9dias estadual e federal, 2,2% e 2,4%.<\/p>\n\n\n\n<p>\u201cTodos os esfor\u00e7os est\u00e3o sendo feitos para agilizarmos a vacina\u00e7\u00e3o na cidade, principalmente entre idosos, que s\u00e3o o p\u00fablico mais vulner\u00e1vel. Estamos ampliando a agora a vacina\u00e7\u00e3o de idosos, alcan\u00e7ando pessoas a partir de 68 anos. Este trabalho vem sendo feito de forma planejada e com responsabilidade, sempre pautado na quantidade de doses recebidas e no p\u00fablico alvo a ser vacinado\u201d, destaca o prefeito interino Hingo Hammes.<\/p>\n\n\n\n<p>Do total de vacinados, 22.856 s\u00e3o idosos com idade a partir dos 69 anos. Nesta quinta-feira a Secretaria de Sa\u00fade inicia a vacina\u00e7\u00e3o para pessoas a partir de 68 anos. \u201cA medida que estamos ampliando a vacina\u00e7\u00e3o para faixas et\u00e1rias com maior p\u00fablico, temos trabalhado tamb\u00e9m para aumentar os locais de vacina\u00e7\u00e3o e buscado \u00e1reas mais amplas para atendermos este p\u00fablico. Temos hoje 10 pontos de vacina\u00e7\u00e3o para idosos em funcionamento e para dar mais celeridade a vacina\u00e7\u00e3o iniciaremos j\u00e1 a partir deste fim de semana a vacina\u00e7\u00e3o aos domingos em dois pontos de drive thru\u201d, explica o secret\u00e1rio de Sa\u00fade, Aloisio Barbosa da Silva Filho, lembrando que a vacina\u00e7\u00e3o aos domingos \u00e9 uma medida adotada para acelerar a vacina\u00e7\u00e3o e dever\u00e1 ser mantida at\u00e9 que o p\u00fablico mais vulner\u00e1vel, na faixa de 60 anos seja vacinado.<\/p>\n\n\n\n<p>Atualmente a vacina\u00e7\u00e3o \u00e9 feita no Hipershopping, no Alto da Serra; campus da Universidade Cat\u00f3lica de Petr\u00f3polis (UCP) na Rua Benjamin Constant \u2013 Centro; Parque Municipal, em Itaipava; ao lado do gin\u00e1sio da UCP do Bingen \u2013 em sistema drive thru; nas UBSs do Quitandinha e Morin; na sede do Palmeira Futebol Clube, no Itamarati; sede do Petropolitano Football Club, no Centro; Escola Josemar Contage, em Corr\u00eaas e no antigo Posto de Sa\u00fade da Posse.<\/p>\n\n\n\n<p>Para ser vacinado o idoso deve estar cadastrado junto a Secretaria de Sa\u00fade. O cadastramento deve ser feito no site da prefeitura (www.petropolis.rj.gov.br). Idosos que tenham dificuldade para acessar a internet podem fazer o agendamento pelos telefones 2233-8850 ou 2233-8852. O setor funciona de segunda a sexta-feira das 9h \u00e0s 16h. Importante destacar que nos pontos de drive thru, idosos que chegam a p\u00e9 tamb\u00e9m s\u00e3o atendidos.<\/p>\n","protected":false},"excerpt":{"rendered":"<p>Vacina\u00e7\u00e3o no munic\u00edpio segue acima da m\u00e9dia nacional e do Estado Petr\u00f3polis vacinou at\u00e9 a<\/p>\n","protected":false},"author":2,"featured_media":12575,"comment_status":"open","ping_status":"open","sticky":false,"template":"","format":"standard","meta":{"footnotes":""},"categories":[12],"tags":[],"class_list":["post-12574","post","type-post","status-publish","format-standard","has-post-thumbnail","hentry","category-cidade"],"_links":{"self":[{"href":"https:\/\/tvc16.com\/portal\/wp-json\/wp\/v2\/posts\/12574","targetHints":{"allow":["GET"]}}],"collection":[{"href":"https:\/\/tvc16.com\/portal\/wp-json\/wp\/v2\/posts"}],"about":[{"href":"https:\/\/tvc16.com\/portal\/wp-json\/wp\/v2\/types\/post"}],"author":[{"embeddable":true,"href":"https:\/\/tvc16.com\/portal\/wp-json\/wp\/v2\/users\/2"}],"replies":[{"embeddable":true,"href":"https:\/\/tvc16.com\/portal\/wp-json\/wp\/v2\/comments?post=12574"}],"version-history":[{"count":1,"href":"https:\/\/tvc16.com\/portal\/wp-json\/wp\/v2\/posts\/12574\/revisions"}],"predecessor-version":[{"id":12576,"href":"https:\/\/tvc16.com\/portal\/wp-json\/wp\/v2\/posts\/12574\/revisions\/12576"}],"wp:featuredmedia":[{"embeddable":true,"href":"https:\/\/tvc16.com\/portal\/wp-json\/wp\/v2\/media\/12575"}],"wp:attachment":[{"href":"https:\/\/tvc16.com\/portal\/wp-json\/wp\/v2\/media?parent=12574"}],"wp:term":[{"taxonomy":"category","embeddable":true,"href":"https:\/\/tvc16.com\/portal\/wp-json\/wp\/v2\/categories?post=12574"},{"taxonomy":"post_tag","embeddable":true,"href":"https:\/\/tvc16.com\/portal\/wp-json\/wp\/v2\/tags?post=12574"}],"curies":[{"name":"wp","href":"https:\/\/api.w.org\/{rel}","templated":true}]}}