{"id":12580,"date":"2021-04-07T19:57:34","date_gmt":"2021-04-07T22:57:34","guid":{"rendered":"https:\/\/tvc16.com\/portal\/?p=12580"},"modified":"2021-04-07T19:57:36","modified_gmt":"2021-04-07T22:57:36","slug":"petropolis-chega-a-marca-de-743-mortos-por-covid-19","status":"publish","type":"post","link":"https:\/\/tvc16.com\/portal\/2021\/04\/07\/petropolis-chega-a-marca-de-743-mortos-por-covid-19\/","title":{"rendered":"Petr\u00f3polis chega a marca de  743 mortos por covid-19"},"content":{"rendered":"\n<p>O boletim epidemiol\u00f3gico da Secretaria de Sa\u00fade desta quarta (07\/04) mostra que Petr\u00f3polis fez, at\u00e9 agora, 133.410 testes para Covid-19, com 25.989 resultados positivos e 103.185 negativos (levando em considera\u00e7\u00e3o testes r\u00e1pidos e Swab). Mais tr\u00eas \u00f3bitos foram registrados nesta quarta-feira.<\/p>\n\n\n\n<p>Neste momento, 160 pessoas est\u00e3o internadas em leitos de UTI privados e pelo SUS. Outras 188 est\u00e3o em leitos cl\u00ednicos, considerando leitos privados e SUS, totalizando assim, 348 interna\u00e7\u00f5es em toda a rede da cidade. A ocupa\u00e7\u00e3o de leitos cl\u00ednicos pelo SUS \u00e9 de 78,74% e 95,69% em leitos de UTI.<\/p>\n\n\n\n<p>A Secretaria de Sa\u00fade esclarece que o n\u00famero de \u00f3bitos, hoje em 743, \u00e9 atualizado nos boletins apenas ap\u00f3s o registro do atestado de \u00f3bito e do resultado do exame do paciente no sistema da Vigil\u00e2ncia Epidemiol\u00f3gica, o que \u00e9 feito por equipe administrativa. Trata-se de medida de seguran\u00e7a para evitar erro na informa\u00e7\u00e3o divulgada pela Secretaria de Sa\u00fade.<\/p>\n\n\n\n<p>A Secretaria acrescenta, ainda, que trabalha na atualiza\u00e7\u00e3o de dados de notifica\u00e7\u00f5es e casos em an\u00e1lise no sistema, inserindo ainda dados n\u00e3o lan\u00e7ados no fim do ano passado. \u00c9 poss\u00edvel acompanhar a evolu\u00e7\u00e3o dos casos no portal da transpar\u00eancia do coronav\u00edrus, no site da Prefeitura (www.petropolis.rj.gov.br)<\/p>\n\n\n\n<p>\u00d3bitos registrados:<\/p>\n\n\n\n<p>Mulher, 69 anos, morador na Estrada da Saudade. Internado em 28\/03 na UPA Centro e transferido para o HMNSE. \u00d3bito registrado em 04\/04. <\/p>\n\n\n\n<p>Paciente com doen\u00e7a neourol\u00f3gica cr\u00f4nica e doen\u00e7a cardiovascular cr\u00f4nica<br>Homem, 56 anos, morador no Caxamb\u00fa. Internado em 17\/03 no HAC. \u00d3bito registrado em 06\/04. Paciente com diabete.<\/p>\n\n\n\n<p><br>Mulher, 71 anos, moradora no Centro. Internada em 29\/03 no HAC. \u00d3bito registrado em 06\/04. Paciente com hipertens\u00e3o arterial e c\u00e2ncer.<\/p>\n","protected":false},"excerpt":{"rendered":"<p>O boletim epidemiol\u00f3gico da Secretaria de Sa\u00fade desta quarta (07\/04) mostra que Petr\u00f3polis fez, at\u00e9<\/p>\n","protected":false},"author":2,"featured_media":12581,"comment_status":"open","ping_status":"open","sticky":false,"template":"","format":"standard","meta":{"footnotes":""},"categories":[12],"tags":[],"class_list":["post-12580","post","type-post","status-publish","format-standard","has-post-thumbnail","hentry","category-cidade"],"_links":{"self":[{"href":"https:\/\/tvc16.com\/portal\/wp-json\/wp\/v2\/posts\/12580","targetHints":{"allow":["GET"]}}],"collection":[{"href":"https:\/\/tvc16.com\/portal\/wp-json\/wp\/v2\/posts"}],"about":[{"href":"https:\/\/tvc16.com\/portal\/wp-json\/wp\/v2\/types\/post"}],"author":[{"embeddable":true,"href":"https:\/\/tvc16.com\/portal\/wp-json\/wp\/v2\/users\/2"}],"replies":[{"embeddable":true,"href":"https:\/\/tvc16.com\/portal\/wp-json\/wp\/v2\/comments?post=12580"}],"version-history":[{"count":1,"href":"https:\/\/tvc16.com\/portal\/wp-json\/wp\/v2\/posts\/12580\/revisions"}],"predecessor-version":[{"id":12582,"href":"https:\/\/tvc16.com\/portal\/wp-json\/wp\/v2\/posts\/12580\/revisions\/12582"}],"wp:featuredmedia":[{"embeddable":true,"href":"https:\/\/tvc16.com\/portal\/wp-json\/wp\/v2\/media\/12581"}],"wp:attachment":[{"href":"https:\/\/tvc16.com\/portal\/wp-json\/wp\/v2\/media?parent=12580"}],"wp:term":[{"taxonomy":"category","embeddable":true,"href":"https:\/\/tvc16.com\/portal\/wp-json\/wp\/v2\/categories?post=12580"},{"taxonomy":"post_tag","embeddable":true,"href":"https:\/\/tvc16.com\/portal\/wp-json\/wp\/v2\/tags?post=12580"}],"curies":[{"name":"wp","href":"https:\/\/api.w.org\/{rel}","templated":true}]}}