{"id":12587,"date":"2021-04-08T00:15:17","date_gmt":"2021-04-08T03:15:17","guid":{"rendered":"https:\/\/tvc16.com\/portal\/?p=12587"},"modified":"2021-04-08T00:15:20","modified_gmt":"2021-04-08T03:15:20","slug":"conhecendo-a-chapada-dos-veadeiros","status":"publish","type":"post","link":"https:\/\/tvc16.com\/portal\/2021\/04\/08\/conhecendo-a-chapada-dos-veadeiros\/","title":{"rendered":"Conhecendo a Chapada dos Veadeiros"},"content":{"rendered":"\n<p>Por Andrine Perrone<\/p>\n\n\n\n<p><\/p>\n\n\n\n<p>A Chapada dos Veadeiros era um dos destinos no TOP 10 dos lugares que queria conhecer no Brasil. Eu tinha me planejado para um longa viagem para o Nepal em 2020, mas com a pandemia de covid 19, eu tive que adiar as viagens internacionais. Como est\u00e1vamos j\u00e1 meses em casa sem qualquer previs\u00e3o de melhora da pandemia, decidi que iria antecipar a minha lista de lugares para visitar no Brasil. Era setembro de 2020, montei o roteiro em uma semana, comprei uma passagem de \u00f4nibus, pela buser, e embarquei rumo a cidade de Bras\u00edlia. Foi uma aventura super segura e confort\u00e1vel, em uma viagem de \u00f4nibus que durou 13 horas partindo do shopping Eldorado, em S\u00e3o Paulo.<\/p>\n\n\n\n<p>Chegando no centro de Bras\u00edlia, alugamos um carro 4&#215;4, que \u00e9 o melhor modelo para as estradas da Chapada, seguimos em uma viagem de 3 horas at\u00e9 Alto Para\u00edso, a cidade sede da Chapada dos Veadeiros. Como nos hospedamos em Cavalcante, ainda pegamos mais quase 1 hora de estrada at\u00e9 nosso hotel. Compartilho neste post o nosso roteiro de viagem por Veadeiros, o que fizemos, quanto custou a viagem, onde ficamos e o que fizemos por l\u00e1. Recomendo que anote todas as dicas, porque este \u00e9 um destino para mais de uma visita.<\/p>\n\n\n\n<p><\/p>\n\n\n\n<figure class=\"wp-block-image size-large\"><img loading=\"lazy\" decoding=\"async\" width=\"1024\" height=\"666\" src=\"https:\/\/tvc16.com\/portal\/wp-content\/uploads\/2021\/04\/20210407_234637-1024x666.jpg\" alt=\"\" class=\"wp-image-12590\" srcset=\"https:\/\/tvc16.com\/portal\/wp-content\/uploads\/2021\/04\/20210407_234637-1024x666.jpg 1024w, https:\/\/tvc16.com\/portal\/wp-content\/uploads\/2021\/04\/20210407_234637-300x195.jpg 300w, https:\/\/tvc16.com\/portal\/wp-content\/uploads\/2021\/04\/20210407_234637-768x499.jpg 768w, https:\/\/tvc16.com\/portal\/wp-content\/uploads\/2021\/04\/20210407_234637-1536x999.jpg 1536w, https:\/\/tvc16.com\/portal\/wp-content\/uploads\/2021\/04\/20210407_234637-2048x1332.jpg 2048w, https:\/\/tvc16.com\/portal\/wp-content\/uploads\/2021\/04\/20210407_234637-370x241.jpg 370w\" sizes=\"auto, (max-width: 1024px) 100vw, 1024px\" \/><\/figure>\n\n\n\n<p><\/p>\n\n\n\n<p><br>COMO CHEGAR AT\u00c9 A CHAPADA DOS VEADEIROS<\/p>\n\n\n\n<p>A melhor forma de chegar at\u00e9 Veadeiros \u00e9 partindo de Bras\u00edlia, e a mais convencional, alugando carro no aeroporto ou no centro da cidade, que foi a nossa op\u00e7\u00e3o. Como viajamos de \u00f4nibus de S\u00e3o Paulo at\u00e9 Bras\u00edlia, alugamos o carro no centro comercial de Bras\u00edlia, n\u00e3o deixarei a dica da locadora porque a nossa experi\u00eancia com eles foi p\u00e9ssima, por\u00e9m existem outras op\u00e7\u00f5es e valores no centro da cidade, o mais usual \u00e9 alugar no pr\u00f3prio aeroporto internacional de Bras\u00edlia. A minha dica \u00e9 que voc\u00ea escolha um modelo 4&#215;4 para esta viagem j\u00e1 que alguns dos passeios que indicarei neste post, as estradas s\u00e3o de terra e distantes.<\/p>\n\n\n\n<p><\/p>\n\n\n\n<figure class=\"wp-block-image size-large\"><img loading=\"lazy\" decoding=\"async\" width=\"1024\" height=\"660\" src=\"https:\/\/tvc16.com\/portal\/wp-content\/uploads\/2021\/04\/20210407_234921-1024x660.jpg\" alt=\"\" class=\"wp-image-12592\" srcset=\"https:\/\/tvc16.com\/portal\/wp-content\/uploads\/2021\/04\/20210407_234921-1024x660.jpg 1024w, https:\/\/tvc16.com\/portal\/wp-content\/uploads\/2021\/04\/20210407_234921-300x193.jpg 300w, https:\/\/tvc16.com\/portal\/wp-content\/uploads\/2021\/04\/20210407_234921-768x495.jpg 768w, https:\/\/tvc16.com\/portal\/wp-content\/uploads\/2021\/04\/20210407_234921-1536x991.jpg 1536w, https:\/\/tvc16.com\/portal\/wp-content\/uploads\/2021\/04\/20210407_234921-2048x1321.jpg 2048w\" sizes=\"auto, (max-width: 1024px) 100vw, 1024px\" \/><\/figure>\n\n\n\n<p><\/p>\n\n\n\n<p>Foram em m\u00e9dia 3 horas e meia at\u00e9 nosso hostel que fica na cidade de Cavalcante. A cidade de Cavalcanti \u00e9 uma das mais importantes para o turismo em Veadeiros, porque l\u00e1 ficam as cachoeiras mais visitadas, como fomos em meio a uma pandemia, a cidade estava fechada para o turismo nos permitindo somente, a hospedagem. Al\u00e9m de ser mais barato se hospedar em Cavalcanti, j\u00e1 que a maioria das pessoas acabam ficando em Alto Para\u00edso, pela proximidade dos passeios e, por ser mais badalada.<\/p>\n\n\n\n<p><br>QUANTO CUSTOU A CHAPADA DOS VEADEIROS<\/p>\n\n\n\n<p><\/p>\n\n\n\n<p><\/p>\n\n\n\n<figure class=\"wp-block-image size-large\"><img loading=\"lazy\" decoding=\"async\" width=\"1024\" height=\"660\" src=\"https:\/\/tvc16.com\/portal\/wp-content\/uploads\/2021\/04\/20210407_235124-1-1024x660.jpg\" alt=\"\" class=\"wp-image-12595\" srcset=\"https:\/\/tvc16.com\/portal\/wp-content\/uploads\/2021\/04\/20210407_235124-1-1024x660.jpg 1024w, https:\/\/tvc16.com\/portal\/wp-content\/uploads\/2021\/04\/20210407_235124-1-300x193.jpg 300w, https:\/\/tvc16.com\/portal\/wp-content\/uploads\/2021\/04\/20210407_235124-1-768x495.jpg 768w, https:\/\/tvc16.com\/portal\/wp-content\/uploads\/2021\/04\/20210407_235124-1-1536x990.jpg 1536w, https:\/\/tvc16.com\/portal\/wp-content\/uploads\/2021\/04\/20210407_235124-1-2048x1320.jpg 2048w\" sizes=\"auto, (max-width: 1024px) 100vw, 1024px\" \/><\/figure>\n\n\n\n<p>Sendo bem realista esta viagem costuma ter um pre\u00e7o elevado, e na conta temos hospedagem, aluguel de carro, entradas nas atra\u00e7\u00f5es, comidas ( isso foi barato) e custos extras. S\u00f3 o aluguel do carro custou mil reais a princ\u00edpio e para dois, que era o nosso caso ficou mais caro, destes mil reais ainda pagamos 2 mil por causa de uma chuva torrencial, que eles chamam de &#8220;chuva do caju&#8221; que destruiu o carro e adivinhem? A seguradora nos fez pagar o estrago, e o carro tinha sido alugado com seguro. Saiu 1500 reais para cada s\u00f3 de aluguel de carro, gra\u00e7as \u00e0 chuva.<\/p>\n\n\n\n<p>A hospedagem foi um bom pre\u00e7o. Ficamos em um hostel em Cavalcanti, acaba sendo mais barato que em Alto Para\u00edso, no total de 500 reais para 6 noites e duas pessoas. Foi \u00f3timo! A comida, como bons mochileiros que somos, o nosso custo era 15 a 20 reais no PF e que PF! Custo benef\u00edcio excelente. O combust\u00edvel tamb\u00e9m consumiu muito do nosso or\u00e7amento, como ficamos em Cavalcanti eram mais de 100 km por dia de ida e 100 km de volta em carro 4&#215;4, com quase 5 reais de combust\u00edvel que estourou e muito or\u00e7amento.<\/p>\n\n\n\n<p>*Valores citados aqui s\u00e3o referentes a setembro\/2020<\/p>\n\n\n\n<p>QUANDO IR<\/p>\n\n\n\n<p>Fomos em setembro quase outubro e s\u00f3 pegamos chuva no nosso \u00faltimo dia de Chapada, \u00faltimo dia de volta a Bras\u00edlia mesmo. A esta\u00e7\u00e3o estava \u00f3tima, calor por\u00e9m suport\u00e1vel. Quando fomos em setembro\/20, a quantidade era limitada de turistas, e por ser o in\u00edcio da temporada de chuvas, entre setembro e outubro, pegamos a famosa &#8211; Chuva do Caju &#8211; mas \u00e9 um bom per\u00edodo para visitar a Chapada dos Veadeiros. J\u00e1 os meses de novembro a mar\u00e7o, exigem bem mais aten\u00e7\u00e3o para quem vai visitar os Veadeiros. Eu recomendo Setembro, certamente.<\/p>\n\n\n\n<p><\/p>\n\n\n\n<figure class=\"wp-block-image size-large\"><img loading=\"lazy\" decoding=\"async\" width=\"1024\" height=\"698\" src=\"https:\/\/tvc16.com\/portal\/wp-content\/uploads\/2021\/04\/20210407_235401-1-1024x698.jpg\" alt=\"\" class=\"wp-image-12599\" srcset=\"https:\/\/tvc16.com\/portal\/wp-content\/uploads\/2021\/04\/20210407_235401-1-1024x698.jpg 1024w, https:\/\/tvc16.com\/portal\/wp-content\/uploads\/2021\/04\/20210407_235401-1-300x204.jpg 300w, https:\/\/tvc16.com\/portal\/wp-content\/uploads\/2021\/04\/20210407_235401-1-768x523.jpg 768w, https:\/\/tvc16.com\/portal\/wp-content\/uploads\/2021\/04\/20210407_235401-1-1536x1047.jpg 1536w, https:\/\/tvc16.com\/portal\/wp-content\/uploads\/2021\/04\/20210407_235401-1-2048x1396.jpg 2048w\" sizes=\"auto, (max-width: 1024px) 100vw, 1024px\" \/><\/figure>\n\n\n\n<p>O QUE FAZER NA CHAPADA<\/p>\n\n\n\n<p>Este \u00e9 um destino que definitivamente n\u00e3o \u00e9 feito para uma \u00fanica viagem, j\u00e1 que o Cerrado brasileiro \u00e9 rico em biodiversidade, o ecoturismo na chapada \u00e9 algo imperd\u00edvel. Por ter ido em tempos epid\u00eamicos no Brasil, deixamos algumas das atra\u00e7\u00f5es mais famosas de fora deste roteiro, j\u00e1 que uma parte do complexo da Chapada dos Veadeiros estava fechada. Neste roteiro, vou sugerir uma viagem menos tur\u00edstica, mas t\u00e3o boa quanto.<\/p>\n\n\n\n<p><\/p>\n\n\n\n<figure class=\"wp-block-image size-large\"><img loading=\"lazy\" decoding=\"async\" width=\"1024\" height=\"709\" src=\"https:\/\/tvc16.com\/portal\/wp-content\/uploads\/2021\/04\/20210407_235712-1-1024x709.jpg\" alt=\"\" class=\"wp-image-12601\" srcset=\"https:\/\/tvc16.com\/portal\/wp-content\/uploads\/2021\/04\/20210407_235712-1-1024x709.jpg 1024w, https:\/\/tvc16.com\/portal\/wp-content\/uploads\/2021\/04\/20210407_235712-1-300x208.jpg 300w, https:\/\/tvc16.com\/portal\/wp-content\/uploads\/2021\/04\/20210407_235712-1-768x532.jpg 768w, https:\/\/tvc16.com\/portal\/wp-content\/uploads\/2021\/04\/20210407_235712-1-1536x1063.jpg 1536w, https:\/\/tvc16.com\/portal\/wp-content\/uploads\/2021\/04\/20210407_235712-1-2048x1417.jpg 2048w\" sizes=\"auto, (max-width: 1024px) 100vw, 1024px\" \/><\/figure>\n\n\n\n<p><\/p>\n\n\n\n<p>Nosso roteiro teve a colabora\u00e7\u00e3o do Rog\u00e9rio, nosso host no Hostel Portal das Fadas em Cavalcante, ele montou um roteiro com base no que estava aberto at\u00e9 setembro de 2020, e com base nas suas experi\u00eancias pessoais como guia. Na nossa chegada em Cavalcanti, tivemos uma noite super agrad\u00e1vel neste hostel que para gente era como estar na casa de amigos, conversamos com Rogerio at\u00e9 tarde e foi uma troca super bacana de experi\u00eancias, o hostel vazio, por\u00e9m super charmoso com cara de casa de campo, que foi incr\u00edvel confesso!<\/p>\n\n\n\n<p><\/p>\n\n\n\n<figure class=\"wp-block-image size-large\"><img loading=\"lazy\" decoding=\"async\" width=\"1024\" height=\"679\" src=\"https:\/\/tvc16.com\/portal\/wp-content\/uploads\/2021\/04\/20210408_000008-2-1024x679.jpg\" alt=\"\" class=\"wp-image-12605\" srcset=\"https:\/\/tvc16.com\/portal\/wp-content\/uploads\/2021\/04\/20210408_000008-2-1024x679.jpg 1024w, https:\/\/tvc16.com\/portal\/wp-content\/uploads\/2021\/04\/20210408_000008-2-300x199.jpg 300w, https:\/\/tvc16.com\/portal\/wp-content\/uploads\/2021\/04\/20210408_000008-2-768x509.jpg 768w, https:\/\/tvc16.com\/portal\/wp-content\/uploads\/2021\/04\/20210408_000008-2.jpg 1080w\" sizes=\"auto, (max-width: 1024px) 100vw, 1024px\" \/><\/figure>\n\n\n\n<p><\/p>\n\n\n\n<p>Dia 1 &#8211; Neste dia separamos para conhecer a Cachoeira das Loquinhas. A Loquinhas, em Alto Para\u00edso, \u00e9 uma fazenda de ecoturismo que tem cachoeiras, trilhas e po\u00e7os em um lugar incr\u00edvel. Custa 35 reais, em dinheiro pago na entrada. O local tem banheiro, lugar para comprar comidinhas e \u00e1gua para beber. A Loquinhas por causa da \u00e9poca do ano que fomos, a trilha maior estava toda seca, por\u00e9m na menor, os po\u00e7os estavam cheios e a \u00e1gua agrad\u00e1vel, a cachoeira estava seca. Um complexo com v\u00e1rios po\u00e7os de \u00e1gua azulzinha para voc\u00ea se refrescar no calor que faz no Cerrado. Ficamos quase o dia todo na Loquinhas de tanto que gostamos de l\u00e1. Seguimos em dire\u00e7\u00e3o a almo\u00e7ar no centrinho &#8220;roots&#8221; de Alto Para\u00edso.<\/p>\n\n\n\n<p><\/p>\n\n\n\n<figure class=\"wp-block-image size-large\"><img loading=\"lazy\" decoding=\"async\" width=\"1024\" height=\"655\" src=\"https:\/\/tvc16.com\/portal\/wp-content\/uploads\/2021\/04\/20210408_000539-1024x655.jpg\" alt=\"\" class=\"wp-image-12607\" srcset=\"https:\/\/tvc16.com\/portal\/wp-content\/uploads\/2021\/04\/20210408_000539-1024x655.jpg 1024w, https:\/\/tvc16.com\/portal\/wp-content\/uploads\/2021\/04\/20210408_000539-300x192.jpg 300w, https:\/\/tvc16.com\/portal\/wp-content\/uploads\/2021\/04\/20210408_000539-768x491.jpg 768w, https:\/\/tvc16.com\/portal\/wp-content\/uploads\/2021\/04\/20210408_000539.jpg 1080w\" sizes=\"auto, (max-width: 1024px) 100vw, 1024px\" \/><\/figure>\n\n\n\n<p><\/p>\n\n\n\n<p><\/p>\n\n\n\n<p>Dia 2 &#8211; No segundo dia da nossa aventura, fomos conhecer o Vale da Lua e a Cachoeira dos Cristais, este era nosso roteiro do dia. Eu estava muito ansiosa para conhecer o Vale da Lua, e certamente se tornou meu lugar favorito na chapada. O Vale da Lua custou 25 reais. Primeiro \u00e9 como se voc\u00ea estivesse realmente caminhando em cima da lua, marte ou de algum planeta desconhecido, absurdamente lindo eu diria. Uma recomenda\u00e7\u00e3o, n\u00e3o fa\u00e7a o Vale da Lua no hor\u00e1rio do meio dia como fizemos, por ter muitas pedras e n\u00e3o ter sombra, o calor e o sol s\u00e3o intensos, se fosse hoje eu teria invertido a ordem e feito o Vale da Lua no fim do dia.<\/p>\n\n\n\n<p><\/p>\n\n\n\n<p><\/p>\n\n\n\n<figure class=\"wp-block-image size-large\"><img loading=\"lazy\" decoding=\"async\" width=\"1024\" height=\"613\" src=\"https:\/\/tvc16.com\/portal\/wp-content\/uploads\/2021\/04\/20210408_000553-1024x613.jpg\" alt=\"\" class=\"wp-image-12608\" srcset=\"https:\/\/tvc16.com\/portal\/wp-content\/uploads\/2021\/04\/20210408_000553-1024x613.jpg 1024w, https:\/\/tvc16.com\/portal\/wp-content\/uploads\/2021\/04\/20210408_000553-300x180.jpg 300w, https:\/\/tvc16.com\/portal\/wp-content\/uploads\/2021\/04\/20210408_000553-768x460.jpg 768w, https:\/\/tvc16.com\/portal\/wp-content\/uploads\/2021\/04\/20210408_000553.jpg 1080w\" sizes=\"auto, (max-width: 1024px) 100vw, 1024px\" \/><\/figure>\n\n\n\n<p><\/p>\n\n\n\n<p>A Cachoeira dos Cristais estava h\u00e1 8km da cidade de Alto Para\u00edso, e ela conta com infraestrutura, um lugar \u00f3timo para levar a fam\u00edlia. Com restaurante, banheiros e \u00e1rea de lazer. Ela conta com v\u00e1rias quedas d&#8217;\u00e1gua no decorrer da trilha, que requer bastante esfor\u00e7o f\u00edsico por ser bem \u00edngreme, mas as quedas s\u00e3o de tirar o f\u00f4lego, pela vegeta\u00e7\u00e3o. S\u00e3o diversas experi\u00eancias ao decorrer da trilha. Desde hidromassagem natural at\u00e9 pequenas piscinas d&#8217;\u00e1gua. Mas j\u00e1 aviso, que a Cachoeira dos Cristais foram as \u00e1guas mais geladas que vivenciamos na Chapada. A \u00faltima cachoeira \u00e9 um espet\u00e1culo incompar\u00e1vel, vale a pena chegar at\u00e9 o final da trilha e encontrar com a V\u00e9u de Noiva, a \u00faltima cachoeira, \u00e9 linda e suas \u00e1guas estavam absurdamente geladas, mas voc\u00ea vai querer entrar para se refrescar eu garanto. Termine o dia na primeira cachoeira que \u00e9 super relaxante, e de l\u00e1 seguimos na estrada e paramos para ver o p\u00f4r do sol, que no Cerrado n\u00e3o h\u00e1 igual.<\/p>\n\n\n\n<p><\/p>\n\n\n\n<figure class=\"wp-block-image size-large\"><img loading=\"lazy\" decoding=\"async\" width=\"768\" height=\"1024\" src=\"https:\/\/tvc16.com\/portal\/wp-content\/uploads\/2021\/04\/20210408_000608-768x1024.jpg\" alt=\"\" class=\"wp-image-12609\" srcset=\"https:\/\/tvc16.com\/portal\/wp-content\/uploads\/2021\/04\/20210408_000608-768x1024.jpg 768w, https:\/\/tvc16.com\/portal\/wp-content\/uploads\/2021\/04\/20210408_000608-225x300.jpg 225w, https:\/\/tvc16.com\/portal\/wp-content\/uploads\/2021\/04\/20210408_000608.jpg 1074w\" sizes=\"auto, (max-width: 768px) 100vw, 768px\" \/><\/figure>\n\n\n\n<p><\/p>\n\n\n\n<p>Dia 3 &#8211; Neste terceiro dia foi uma aventura e tanta, separamos o dia para conhecer o famoso Parque Nacional da Chapada dos Veadeiros, a principal atra\u00e7\u00e3o da Chapada. O que n\u00e3o contam, deixa eu te contar aqui, \u00e9 que no final de semana este parque estava lotado. Devido a pandemia e sem as principais atra\u00e7\u00f5es de Cavalcante, como Santa B\u00e1rbara, fechadas por exemplo, os turistas todos foram para o Parque Nacional. Chegamos cedo ao parque no s\u00e1bado, mas \u00e0s 8h30, os ingressos j\u00e1 estavam esgotados. O Parque estava adotando quantidade reduzida de pessoas devido a pandemia. Tudo bem que, sabendo desta informa\u00e7\u00e3o ter\u00edamos antecipado o Parque Nacional para dia de semana, mas sem o ingresso para o parque, o mo\u00e7o da bilheteria nos sugeriu conhecer a Cachoeira do Segredo, e todos os turistas que estavam como a &#8220;gente&#8221;, sem ingresso do parque, seguiram para o Segredo.<\/p>\n\n\n\n<p><\/p>\n\n\n\n<figure class=\"wp-block-image size-large\"><img loading=\"lazy\" decoding=\"async\" width=\"1024\" height=\"642\" src=\"https:\/\/tvc16.com\/portal\/wp-content\/uploads\/2021\/04\/20210408_000811-1024x642.jpg\" alt=\"\" class=\"wp-image-12610\" srcset=\"https:\/\/tvc16.com\/portal\/wp-content\/uploads\/2021\/04\/20210408_000811-1024x642.jpg 1024w, https:\/\/tvc16.com\/portal\/wp-content\/uploads\/2021\/04\/20210408_000811-300x188.jpg 300w, https:\/\/tvc16.com\/portal\/wp-content\/uploads\/2021\/04\/20210408_000811-768x481.jpg 768w, https:\/\/tvc16.com\/portal\/wp-content\/uploads\/2021\/04\/20210408_000811.jpg 1080w\" sizes=\"auto, (max-width: 1024px) 100vw, 1024px\" \/><\/figure>\n\n\n\n<p><\/p>\n\n\n\n<p>A Cachoeira do Segredo tamb\u00e9m fica em uma fazenda de ecoturismo como a maioria das atra\u00e7\u00f5es da Chapada, esta cachoeira est\u00e1 na minha lista de lugares mais bonitos que j\u00e1 conheci na vida, e juro que n\u00e3o \u00e9 exagero! A entrada na fazenda custa 35 reais por pessoa, para ter acesso a trilha e a maravilhosa cachoeira. O nome \u00e9 bem convidativo, j\u00e1 que no final da trilha voc\u00ea ir\u00e1 se deparar com o espet\u00e1culo que \u00e9 este lugar. A trilha \u00e9 razoavelmente f\u00e1cil, uma das trilhas mais bonitas da Chapada, com algumas piscinas naturais e com \u00e1gua transparente no meio do caminho, decks de madeira para descanso e todo esse percurso at\u00e9 o c\u00e2nion, \u00e9 de tirar o f\u00f4lego. Mas j\u00e1 aviso que no finalzinho da trilha as pedras s\u00e3o super escorregadias e ao chegar na maravilhosa queda d&#8217;\u00e1gua da Cachoeira do Segredo a \u00e1gua \u00e9 muito gelada e gelada mesmo, j\u00e1 que o enorme pared\u00e3o da queda e a vegeta\u00e7\u00e3o deixam a \u00e1gua congelante. O visual \u00e9 t\u00e3o incr\u00edvel que vale cada desafio at\u00e9 este para\u00edso.<\/p>\n\n\n\n<p><\/p>\n\n\n\n<p><\/p>\n\n\n\n<figure class=\"wp-block-image size-large\"><img loading=\"lazy\" decoding=\"async\" width=\"956\" height=\"1024\" src=\"https:\/\/tvc16.com\/portal\/wp-content\/uploads\/2021\/04\/20210408_000905-956x1024.jpg\" alt=\"\" class=\"wp-image-12611\" srcset=\"https:\/\/tvc16.com\/portal\/wp-content\/uploads\/2021\/04\/20210408_000905-956x1024.jpg 956w, https:\/\/tvc16.com\/portal\/wp-content\/uploads\/2021\/04\/20210408_000905-280x300.jpg 280w, https:\/\/tvc16.com\/portal\/wp-content\/uploads\/2021\/04\/20210408_000905-768x823.jpg 768w, https:\/\/tvc16.com\/portal\/wp-content\/uploads\/2021\/04\/20210408_000905.jpg 1080w\" sizes=\"auto, (max-width: 956px) 100vw, 956px\" \/><\/figure>\n\n\n\n<p><\/p>\n\n\n\n<p><\/p>\n\n\n\n<p>Dia 4 &#8211; Deixamos uma das maiores atra\u00e7\u00f5es da Chapada dos Veadeiros para um dia inteiro, as Cataratas dos Couros. A beleza deste lugar \u00e9 inigual\u00e1vel. \u00c1gua cor de Coca-Cola, temperatura agrad\u00e1vel, trilha de desafio e uma vista magn\u00edfica. Este lugar \u00e9 para estar no n\u00famero 1 da sua lista. As Cataratas dos Couros foi o nosso destino mais longo de Cavalcante at\u00e9 l\u00e1, s\u00e3o quase 2 horas de estrada, sendo quase 1 hora de de estrada de terra. As Cataratas dos Couros, \u00e9 gratuita. Uma estrutura como o Parque Nacional, mas por hora l\u00e1 voc\u00ea poder\u00e1 optar por fazer trilha sozinho ou com guia, recomendo que fa\u00e7a sem guia e siga pela menor trilha. Se voc\u00ea optar pela trilha maior ou trilha do alto como \u00e9 chamada, esta trilha tem um grau de dificuldade maior e requer um certo condicionamento f\u00edsico, por ter muitas descidas de pedras, alguns pontos s\u00e3o perigosos se n\u00e3o tiver cuidado, mas a vista desta trilha \u00e9 inacredit\u00e1vel. No nosso caso pagamos 70 reais, o guia para 2 pessoas, e foi tranquilo.<\/p>\n\n\n\n<p><\/p>\n\n\n\n<figure class=\"wp-block-image size-large\"><img loading=\"lazy\" decoding=\"async\" width=\"957\" height=\"1024\" src=\"https:\/\/tvc16.com\/portal\/wp-content\/uploads\/2021\/04\/20210408_000848-957x1024.jpg\" alt=\"\" class=\"wp-image-12612\" srcset=\"https:\/\/tvc16.com\/portal\/wp-content\/uploads\/2021\/04\/20210408_000848-957x1024.jpg 957w, https:\/\/tvc16.com\/portal\/wp-content\/uploads\/2021\/04\/20210408_000848-280x300.jpg 280w, https:\/\/tvc16.com\/portal\/wp-content\/uploads\/2021\/04\/20210408_000848-768x822.jpg 768w, https:\/\/tvc16.com\/portal\/wp-content\/uploads\/2021\/04\/20210408_000848.jpg 1080w\" sizes=\"auto, (max-width: 957px) 100vw, 957px\" \/><\/figure>\n\n\n\n<p><\/p>\n\n\n\n<p><\/p>\n\n\n\n<p>Ao final da trilha, l\u00e1 estar\u00e1 ela a Catarata deslumbrante com suas \u00e1guas correndo quedas abaixo. Existem pontos que s\u00e3o  poss\u00edveis pular da Cachoeira do Parafuso, at\u00e9 sua parte mais baixa. N\u00e3o recomendo \u00e9 super alta, mas aventureiros pulam. Ficamos quase a metade do dia nesta Cachoeira. As pedras dentro da \u00e1gua s\u00e3o extremamente lisas e escorregar \u00e9 super f\u00e1cil, vai por mim! O guia nos deixou at\u00e9 esta parte e aproveitamos o dia por l\u00e1. Subimos at\u00e9 as quedas d&#8217;\u00e1gua da parte alta das Cataratas, s\u00e3o muitas piscinas naturais e as \u00e1guas s\u00e3o mornas, delicioso para um \u00f3timo fim de tarde. E l\u00e1 voltamos pela trilha menor com um dos mais lindos p\u00f4r do sol no c\u00e9u rosado do Cerrado Brasileiro.<\/p>\n\n\n\n<p><\/p>\n\n\n\n<figure class=\"wp-block-image size-large\"><img loading=\"lazy\" decoding=\"async\" width=\"872\" height=\"1024\" src=\"https:\/\/tvc16.com\/portal\/wp-content\/uploads\/2021\/04\/20210408_000833-872x1024.jpg\" alt=\"\" class=\"wp-image-12614\" srcset=\"https:\/\/tvc16.com\/portal\/wp-content\/uploads\/2021\/04\/20210408_000833-872x1024.jpg 872w, https:\/\/tvc16.com\/portal\/wp-content\/uploads\/2021\/04\/20210408_000833-256x300.jpg 256w, https:\/\/tvc16.com\/portal\/wp-content\/uploads\/2021\/04\/20210408_000833-768x902.jpg 768w, https:\/\/tvc16.com\/portal\/wp-content\/uploads\/2021\/04\/20210408_000833.jpg 1080w\" sizes=\"auto, (max-width: 872px) 100vw, 872px\" \/><\/figure>\n\n\n\n<p>Dia 5 &#8211; Neste \u00faltimo dia de Chapada dos Veadeiros, reservamos para descansar e relaxar no Po\u00e7o Encantado. Uma das atra\u00e7\u00f5es, abertas devido a pandemia, mas perto do nosso hostel. Atra\u00e7\u00e3o que est\u00e1 dentro da Fazenda Rio de Pedra, custou 20 reais para entrar, o local conta com infraestrutura, \u00e9 \u00f3timo para levar a fam\u00edlia. Tem banheiros, restaurantes, chuveiros, sombra, ponte de madeira, e uma prainha de areia. Super agrad\u00e1vel daqueles lugares para voc\u00ea relaxar no final da sua viagem. O Po\u00e7o Encantado tem uma bel\u00edssima queda de \u00e1guas cristalinas, foi a escolha perfeita para encerrar nosso roteiro. Do Po\u00e7o Encantado, seguimos para almo\u00e7ar em Alto Para\u00edso, no centrinho que tem uma vibe hippie e um PF (prato feito) delicioso que custou s\u00f3 15 reais. Assim encerramos nossa viagem com gosto de quero voltar logo.<\/p>\n\n\n\n<p>Nas minhas considera\u00e7\u00f5es finais eu deixo de dica que voc\u00ea fa\u00e7a essa viagem em modo slow, slow e slow. Em um mundo t\u00e3o ca\u00f3tico e agitado, Veadeiros \u00e9 um lugar para muitas visitas, para respirar natureza, para viver o presente e aproveitar um dos mais belos biomas do pa\u00eds.<\/p>\n\n\n\n<p>Com o crescente desmatamento do Cerrado, devido ao plantio de soja e a ind\u00fastria da carne bovina, em poucos anos  se o Cerrado n\u00e3o for preservado, muitas destas belezas n\u00e3o existir\u00e3o mais. Esse \u00e9 o tempo de aproveitar esse lugar considerado m\u00e1gico e m\u00edstico, mas que para mim \u00e9 como viver lentamente a felicidade.<\/p>\n\n\n\n<p><\/p>\n\n\n\n<p><\/p>\n\n\n\n<figure class=\"wp-block-image size-large\"><img loading=\"lazy\" decoding=\"async\" width=\"830\" height=\"1024\" src=\"https:\/\/tvc16.com\/portal\/wp-content\/uploads\/2021\/04\/20210408_000800-830x1024.jpg\" alt=\"\" class=\"wp-image-12613\" srcset=\"https:\/\/tvc16.com\/portal\/wp-content\/uploads\/2021\/04\/20210408_000800-830x1024.jpg 830w, https:\/\/tvc16.com\/portal\/wp-content\/uploads\/2021\/04\/20210408_000800-243x300.jpg 243w, https:\/\/tvc16.com\/portal\/wp-content\/uploads\/2021\/04\/20210408_000800-768x948.jpg 768w, https:\/\/tvc16.com\/portal\/wp-content\/uploads\/2021\/04\/20210408_000800.jpg 1080w\" sizes=\"auto, (max-width: 830px) 100vw, 830px\" \/><\/figure>\n","protected":false},"excerpt":{"rendered":"<p>Por Andrine Perrone A Chapada dos Veadeiros era um dos destinos no TOP 10 dos<\/p>\n","protected":false},"author":2,"featured_media":12588,"comment_status":"open","ping_status":"open","sticky":false,"template":"","format":"standard","meta":{"footnotes":""},"categories":[16],"tags":[],"class_list":["post-12587","post","type-post","status-publish","format-standard","has-post-thumbnail","hentry","category-colunistas"],"_links":{"self":[{"href":"https:\/\/tvc16.com\/portal\/wp-json\/wp\/v2\/posts\/12587","targetHints":{"allow":["GET"]}}],"collection":[{"href":"https:\/\/tvc16.com\/portal\/wp-json\/wp\/v2\/posts"}],"about":[{"href":"https:\/\/tvc16.com\/portal\/wp-json\/wp\/v2\/types\/post"}],"author":[{"embeddable":true,"href":"https:\/\/tvc16.com\/portal\/wp-json\/wp\/v2\/users\/2"}],"replies":[{"embeddable":true,"href":"https:\/\/tvc16.com\/portal\/wp-json\/wp\/v2\/comments?post=12587"}],"version-history":[{"count":1,"href":"https:\/\/tvc16.com\/portal\/wp-json\/wp\/v2\/posts\/12587\/revisions"}],"predecessor-version":[{"id":12615,"href":"https:\/\/tvc16.com\/portal\/wp-json\/wp\/v2\/posts\/12587\/revisions\/12615"}],"wp:featuredmedia":[{"embeddable":true,"href":"https:\/\/tvc16.com\/portal\/wp-json\/wp\/v2\/media\/12588"}],"wp:attachment":[{"href":"https:\/\/tvc16.com\/portal\/wp-json\/wp\/v2\/media?parent=12587"}],"wp:term":[{"taxonomy":"category","embeddable":true,"href":"https:\/\/tvc16.com\/portal\/wp-json\/wp\/v2\/categories?post=12587"},{"taxonomy":"post_tag","embeddable":true,"href":"https:\/\/tvc16.com\/portal\/wp-json\/wp\/v2\/tags?post=12587"}],"curies":[{"name":"wp","href":"https:\/\/api.w.org\/{rel}","templated":true}]}}