{"id":12617,"date":"2021-04-08T14:17:33","date_gmt":"2021-04-08T17:17:33","guid":{"rendered":"https:\/\/tvc16.com\/portal\/?p=12617"},"modified":"2021-04-08T14:17:35","modified_gmt":"2021-04-08T17:17:35","slug":"choque-com-tropas-deixa-11-manifestantes-mortos-em-myanmar","status":"publish","type":"post","link":"https:\/\/tvc16.com\/portal\/2021\/04\/08\/choque-com-tropas-deixa-11-manifestantes-mortos-em-myanmar\/","title":{"rendered":"Choque com tropas deixa 11 manifestantes mortos em Myanmar"},"content":{"rendered":"\n<h3 class=\"wp-block-heading\">Em Taze, manifestantes enfrentaram militares com armas caseiras<\/h3>\n\n\n\n<h4 class=\"wp-block-heading\">Por Devjyot Ghoshal &#8211; rep\u00f3rter da Reuters &#8211; YANGON<\/h4>\n\n\n\n<p>Manifestantes contr\u00e1rios ao golpe militar em Myanmar reagiram com armas caseiras e coquet\u00e9is molotov a uma repress\u00e3o das for\u00e7as de seguran\u00e7a em uma cidade do noroeste, e ao menos 11 manifestantes morreram, informou a m\u00eddia local nesta quinta-feira (8).<img decoding=\"async\" src=\"https:\/\/agenciabrasil.ebc.com.br\/ebc.png?id=1406183&amp;o=node\"><img decoding=\"async\" src=\"https:\/\/agenciabrasil.ebc.com.br\/ebc.gif?id=1406183&amp;o=node\"><\/p>\n\n\n\n<p>Inicialmente, seis caminh\u00f5es com tropas foram enviados para reprimir os manifestantes na cidade de Taze, informaram os ve\u00edculos de not\u00edcia Myanmar Now e Irrawaddy. Quando os manifestantes reagiram com armas caseiras, facas e coquet\u00e9is molotov. Em seguida, mais cinco caminh\u00f5es com soldados foram despachados.<\/p>\n\n\n\n<p>Os combates continuavam na manh\u00e3 de hoje. Ao menos 11 manifestantes morreram e cerca de 20 ficaram feridos, segundo a m\u00eddia. N\u00e3o h\u00e1 not\u00edcia de baixas entre os soldados.<\/p>\n\n\n\n<p>A cifra recente elevaria o n\u00famero de civis mortos pelas for\u00e7as de seguran\u00e7a para mais de 600, desde que uma junta militar tomou o poder do governo eleito de Aung San Suu Kyi no dia 1\u00ba de fevereiro, de acordo com a Associa\u00e7\u00e3o de Assist\u00eancia a Prisioneiros Pol\u00edticos (AAPP), que na noite de ontem (7) computava 598 mortos.<\/p>\n\n\n\n<p>Taze fica pr\u00f3xima da cidade de Kale, onde ao menos 12 pessoas foram mortas durante um embate semelhante entre tropas e manifestantes na quarta-feira, de acordo com ve\u00edculos de not\u00edcia e testemunhas.<\/p>\n\n\n\n<p>A AAPP disse que 2.847 pessoas est\u00e3o detidas atualmente. Al\u00e9m disso, mandados de pris\u00e3o foram emitidos para centenas de pessoas, e nesta semana a junta mirou em dezenas de influenciadores, artistas e m\u00fasicos.<\/p>\n\n\n\n<p>(Da reda\u00e7\u00e3o da Reuters; reportagem adicional de Devjyot Ghoshal)<\/p>\n","protected":false},"excerpt":{"rendered":"<p>Em Taze, manifestantes enfrentaram militares com armas caseiras Por Devjyot Ghoshal &#8211; rep\u00f3rter da Reuters<\/p>\n","protected":false},"author":2,"featured_media":12618,"comment_status":"open","ping_status":"open","sticky":false,"template":"","format":"standard","meta":{"footnotes":""},"categories":[17],"tags":[],"class_list":["post-12617","post","type-post","status-publish","format-standard","has-post-thumbnail","hentry","category-outras-noticias"],"_links":{"self":[{"href":"https:\/\/tvc16.com\/portal\/wp-json\/wp\/v2\/posts\/12617","targetHints":{"allow":["GET"]}}],"collection":[{"href":"https:\/\/tvc16.com\/portal\/wp-json\/wp\/v2\/posts"}],"about":[{"href":"https:\/\/tvc16.com\/portal\/wp-json\/wp\/v2\/types\/post"}],"author":[{"embeddable":true,"href":"https:\/\/tvc16.com\/portal\/wp-json\/wp\/v2\/users\/2"}],"replies":[{"embeddable":true,"href":"https:\/\/tvc16.com\/portal\/wp-json\/wp\/v2\/comments?post=12617"}],"version-history":[{"count":1,"href":"https:\/\/tvc16.com\/portal\/wp-json\/wp\/v2\/posts\/12617\/revisions"}],"predecessor-version":[{"id":12619,"href":"https:\/\/tvc16.com\/portal\/wp-json\/wp\/v2\/posts\/12617\/revisions\/12619"}],"wp:featuredmedia":[{"embeddable":true,"href":"https:\/\/tvc16.com\/portal\/wp-json\/wp\/v2\/media\/12618"}],"wp:attachment":[{"href":"https:\/\/tvc16.com\/portal\/wp-json\/wp\/v2\/media?parent=12617"}],"wp:term":[{"taxonomy":"category","embeddable":true,"href":"https:\/\/tvc16.com\/portal\/wp-json\/wp\/v2\/categories?post=12617"},{"taxonomy":"post_tag","embeddable":true,"href":"https:\/\/tvc16.com\/portal\/wp-json\/wp\/v2\/tags?post=12617"}],"curies":[{"name":"wp","href":"https:\/\/api.w.org\/{rel}","templated":true}]}}