{"id":12623,"date":"2021-04-08T14:19:33","date_gmt":"2021-04-08T17:19:33","guid":{"rendered":"https:\/\/tvc16.com\/portal\/?p=12623"},"modified":"2021-04-08T14:19:35","modified_gmt":"2021-04-08T17:19:35","slug":"pf-faz-operacao-contra-fraudes-no-auxilio-emergencial-na-bahia","status":"publish","type":"post","link":"https:\/\/tvc16.com\/portal\/2021\/04\/08\/pf-faz-operacao-contra-fraudes-no-auxilio-emergencial-na-bahia\/","title":{"rendered":"PF faz opera\u00e7\u00e3o contra fraudes no aux\u00edlio emergencial na Bahia"},"content":{"rendered":"\n<h3 class=\"wp-block-heading\">Pol\u00edcia cumpriu tr\u00eas mandados de busca e apreens\u00e3o<\/h3>\n\n\n\n<h4 class=\"wp-block-heading\">Por Andreia Verdelio &#8211; Rep\u00f3rter da Ag\u00eancia Brasil &#8211; Bras\u00edlia<\/h4>\n\n\n\n<p>A Pol\u00edcia Federal (PF) deflagrou hoje (8) a Opera\u00e7\u00e3o \u00daltima Barreira contra fraudes no aux\u00edlio emergencial, com o cumprimento de tr\u00eas mandados de busca e apreens\u00e3o em Lu\u00eds Eduardo Magalh\u00e3es, no oeste baiano. De acordo com a PF, os investigados cadastraram no aplicativo Caixa Tem pelo menos 45 contas em nome de terceiros para recebimento do aux\u00edlio emergencial.<img decoding=\"async\" src=\"https:\/\/agenciabrasil.ebc.com.br\/ebc.png?id=1406197&amp;o=node\"><img decoding=\"async\" src=\"https:\/\/agenciabrasil.ebc.com.br\/ebc.gif?id=1406197&amp;o=node\"><\/p>\n\n\n\n<p>Os valores depositados pelo governo eram transferidos para contas vinculadas ao grupo ou desviados por meio do pagamento de boletos banc\u00e1rios emitidos pelos pr\u00f3prios suspeitos. O preju\u00edzo \u00e9 de mais de R$ 27 mil.<\/p>\n\n\n\n<p>A investiga\u00e7\u00e3o teve in\u00edcio no ano passado e \u00e9 resultado do trabalho da Estrat\u00e9gia Integrada contra as Fraudes ao Aux\u00edlio Emergencial, que, segundo a PF, tem o objetivo de racionalizar a apura\u00e7\u00e3o desses crimes, com foco na atua\u00e7\u00e3o de grupos, associa\u00e7\u00f5es ou organiza\u00e7\u00f5es criminosas e a desarticula\u00e7\u00e3o de fraudes estruturadas. Al\u00e9m da PF, participam da iniciativa o Minist\u00e9rio P\u00fablico Federal (MPF), o Minist\u00e9rio da Cidadania, a Caixa Econ\u00f4mica Federal, a Receita Federal, a Controladoria Geral da Uni\u00e3o (CGU) e o Tribunal de Contas da Uni\u00e3o (TCU).<\/p>\n\n\n\n<p>Al\u00e9m dos mandados, a Justi\u00e7a Federal tamb\u00e9m determinou o bloqueio de valores das contas dos investigados, que poder\u00e3o responder pelos crimes de estelionato, falsidade ideol\u00f3gica e associa\u00e7\u00e3o criminosa.<\/p>\n\n\n\n<p>O aux\u00edlio emergencial foi criado em abril do ano passado pelo governo federal para atender pessoas vulner\u00e1veis afetadas pela pandemia de covid-19. Ele foi pago em cinco parcelas de R$ 600 ou R$ 1,2 mil para m\u00e3es chefes de fam\u00edlia monoparental e, depois, estendido at\u00e9 31 de dezembro em at\u00e9 quatro parcelas de R$ 300 ou R$ 600 cada.<\/p>\n\n\n\n<p>Neste ano, o&nbsp;<a href=\"https:\/\/agenciabrasil.ebc.com.br\/economia\/noticia\/2021-04\/nova-rodada-do-auxilio-emergencial-comeca-ser-paga-hoje\" target=\"_blank\" rel=\"noreferrer noopener\">governo far\u00e1 uma nova rodada de pagamentos<\/a>, durante quatro meses, com parcelas de R$ 150 a R$ 375, dependendo da fam\u00edlia.<\/p>\n\n\n\n<p>Edi\u00e7\u00e3o: L\u00edlian Beraldo<\/p>\n","protected":false},"excerpt":{"rendered":"<p>Pol\u00edcia cumpriu tr\u00eas mandados de busca e apreens\u00e3o Por Andreia Verdelio &#8211; Rep\u00f3rter da Ag\u00eancia<\/p>\n","protected":false},"author":2,"featured_media":12624,"comment_status":"open","ping_status":"open","sticky":false,"template":"","format":"standard","meta":{"footnotes":""},"categories":[17],"tags":[],"class_list":["post-12623","post","type-post","status-publish","format-standard","has-post-thumbnail","hentry","category-outras-noticias"],"_links":{"self":[{"href":"https:\/\/tvc16.com\/portal\/wp-json\/wp\/v2\/posts\/12623","targetHints":{"allow":["GET"]}}],"collection":[{"href":"https:\/\/tvc16.com\/portal\/wp-json\/wp\/v2\/posts"}],"about":[{"href":"https:\/\/tvc16.com\/portal\/wp-json\/wp\/v2\/types\/post"}],"author":[{"embeddable":true,"href":"https:\/\/tvc16.com\/portal\/wp-json\/wp\/v2\/users\/2"}],"replies":[{"embeddable":true,"href":"https:\/\/tvc16.com\/portal\/wp-json\/wp\/v2\/comments?post=12623"}],"version-history":[{"count":1,"href":"https:\/\/tvc16.com\/portal\/wp-json\/wp\/v2\/posts\/12623\/revisions"}],"predecessor-version":[{"id":12625,"href":"https:\/\/tvc16.com\/portal\/wp-json\/wp\/v2\/posts\/12623\/revisions\/12625"}],"wp:featuredmedia":[{"embeddable":true,"href":"https:\/\/tvc16.com\/portal\/wp-json\/wp\/v2\/media\/12624"}],"wp:attachment":[{"href":"https:\/\/tvc16.com\/portal\/wp-json\/wp\/v2\/media?parent=12623"}],"wp:term":[{"taxonomy":"category","embeddable":true,"href":"https:\/\/tvc16.com\/portal\/wp-json\/wp\/v2\/categories?post=12623"},{"taxonomy":"post_tag","embeddable":true,"href":"https:\/\/tvc16.com\/portal\/wp-json\/wp\/v2\/tags?post=12623"}],"curies":[{"name":"wp","href":"https:\/\/api.w.org\/{rel}","templated":true}]}}