{"id":12626,"date":"2021-04-08T14:20:37","date_gmt":"2021-04-08T17:20:37","guid":{"rendered":"https:\/\/tvc16.com\/portal\/?p=12626"},"modified":"2021-04-08T14:20:39","modified_gmt":"2021-04-08T17:20:39","slug":"japao-nega-cogitar-priorizacao-de-vacinas-a-atletas-olimpicos","status":"publish","type":"post","link":"https:\/\/tvc16.com\/portal\/2021\/04\/08\/japao-nega-cogitar-priorizacao-de-vacinas-a-atletas-olimpicos\/","title":{"rendered":"Jap\u00e3o nega cogitar prioriza\u00e7\u00e3o de vacinas a atletas ol\u00edmpicos"},"content":{"rendered":"\n<h3 class=\"wp-block-heading\">Hip\u00f3tese mencionada em reportagem causou onda de cr\u00edticas no pa\u00eds<\/h3>\n\n\n\n<h4 class=\"wp-block-heading\">Por Elaine Lies, Rocky Swift e Yuki Nitta &#8211; T\u00f3quio (Jap\u00e3o)<\/h4>\n\n\n\n<p>O Jap\u00e3o disse nesta quinta-feira (8) que no momento n\u00e3o cogita priorizar vacinas contra covid-19 aos atletas ol\u00edmpicos, refutando uma reportagem que provocou furor nas redes sociais, j\u00e1 que as imuniza\u00e7\u00f5es&nbsp;do pa\u00eds est\u00e1&nbsp;atr\u00e1s das de outras grandes economias.<img decoding=\"async\" src=\"https:\/\/agenciabrasil.ebc.com.br\/ebc.png?id=1406200&amp;o=node\"><img decoding=\"async\" src=\"https:\/\/agenciabrasil.ebc.com.br\/ebc.gif?id=1406200&amp;o=node\"><\/p>\n\n\n\n<p>S\u00f3 um milh\u00e3o de pessoas j\u00e1 recebeu a primeira dose da vacina da Pfizer desde janeiro em uma popula\u00e7\u00e3o de 126 milh\u00f5es de habitantes, e os idosos mais vulner\u00e1veis s\u00f3 come\u00e7am a ser imunizados na semana que vem.<\/p>\n\n\n\n<p>As novas infec\u00e7\u00f5es dispararam antes da Olimp\u00edada, que deve come\u00e7ar em julho. T\u00f3quio registrou 545 casos novos nesta quinta (8), e sua governadora disse que pedir\u00e1 ao governo central que imponha medidas de emerg\u00eancia na regi\u00e3o da capital.<\/p>\n\n\n\n<p>Segundo uma reportagem da ag\u00eancia de not\u00edcias Kyodo que cita autoridades governamentais, o Jap\u00e3o come\u00e7ou a estudar a possibilidade de garantir a vacina\u00e7\u00e3o de todos seus atletas ol\u00edmpicos e paral\u00edmpicos at\u00e9 o final de junho.<\/p>\n\n\n\n<p>&#8220;Deem primeiro \u00e0 minha m\u00e3e&#8221;, escreveu um usu\u00e1rio do Twitter, acrescentando: &#8220;Os atletas s\u00e3o todos jovens e saud\u00e1veis.&#8221;<\/p>\n\n\n\n<p>Embora o governo diga que realizar\u00e1 a Olimp\u00edada tal como planejada a partir de 23 de julho, a vasta maioria dos japoneses quer que os Jogos sejam cancelados ou adiados novamente.<\/p>\n\n\n\n<p>A revolta nas redes sociais continuou mesmo depois de o secret\u00e1rio-chefe de gabinete, Katsunobu Kato, negar a reportagem e dizer que o governo n\u00e3o est\u00e1 cogitando priorizar os atletas.<\/p>\n\n\n\n<p>&#8220;Isto \u00e9 realmente esquisito. Dado que n\u00e3o temos ideia se ao menos todos os idosos ter\u00e3o recebido suas vacinas at\u00e9 meados de junho, voc\u00eas as dar\u00e3o aos atletas?&#8221;, questionou um usu\u00e1rio identificado como &#8220;Aoiumi2&#8221; no Twitter.<\/p>\n\n\n\n<p>Outros destacaram que o plano original do Jap\u00e3o prioriza os profissionais da sa\u00fade, os idosos e os portadores de problemas cr\u00f4nicos, e os cidad\u00e3os comuns dificilmente ser\u00e3o vacinados antes do ver\u00e3o.<\/p>\n\n\n\n<p>Recentemente, v\u00e1rios eventos-teste de alguns esportes foram cancelados ou adiados devido a preocupa\u00e7\u00f5es com a pandemia, e na \u00faltima ter\u00e7a (6)&nbsp;o executivo de neg\u00f3cios destacado Hiroshi Mikitani tuitou que sediar os Jogos \u00e9 &#8220;arriscado&#8221;.<\/p>\n\n\n\n<p>Mesmo assim, grande parte do Jap\u00e3o corporativo continua mobilizada a favor da Olimp\u00edada. Atsushi Katsuki, presidente-executivo do Asahi Group, disse que apoia a realiza\u00e7\u00e3o dos Jogos e que a principal cervejaria do pa\u00eds se beneficiou por ser uma patrocinadora.<\/p>\n","protected":false},"excerpt":{"rendered":"<p>Hip\u00f3tese mencionada em reportagem causou onda de cr\u00edticas no pa\u00eds Por Elaine Lies, Rocky Swift<\/p>\n","protected":false},"author":2,"featured_media":12627,"comment_status":"open","ping_status":"open","sticky":false,"template":"","format":"standard","meta":{"footnotes":""},"categories":[17],"tags":[],"class_list":["post-12626","post","type-post","status-publish","format-standard","has-post-thumbnail","hentry","category-outras-noticias"],"_links":{"self":[{"href":"https:\/\/tvc16.com\/portal\/wp-json\/wp\/v2\/posts\/12626","targetHints":{"allow":["GET"]}}],"collection":[{"href":"https:\/\/tvc16.com\/portal\/wp-json\/wp\/v2\/posts"}],"about":[{"href":"https:\/\/tvc16.com\/portal\/wp-json\/wp\/v2\/types\/post"}],"author":[{"embeddable":true,"href":"https:\/\/tvc16.com\/portal\/wp-json\/wp\/v2\/users\/2"}],"replies":[{"embeddable":true,"href":"https:\/\/tvc16.com\/portal\/wp-json\/wp\/v2\/comments?post=12626"}],"version-history":[{"count":1,"href":"https:\/\/tvc16.com\/portal\/wp-json\/wp\/v2\/posts\/12626\/revisions"}],"predecessor-version":[{"id":12628,"href":"https:\/\/tvc16.com\/portal\/wp-json\/wp\/v2\/posts\/12626\/revisions\/12628"}],"wp:featuredmedia":[{"embeddable":true,"href":"https:\/\/tvc16.com\/portal\/wp-json\/wp\/v2\/media\/12627"}],"wp:attachment":[{"href":"https:\/\/tvc16.com\/portal\/wp-json\/wp\/v2\/media?parent=12626"}],"wp:term":[{"taxonomy":"category","embeddable":true,"href":"https:\/\/tvc16.com\/portal\/wp-json\/wp\/v2\/categories?post=12626"},{"taxonomy":"post_tag","embeddable":true,"href":"https:\/\/tvc16.com\/portal\/wp-json\/wp\/v2\/tags?post=12626"}],"curies":[{"name":"wp","href":"https:\/\/api.w.org\/{rel}","templated":true}]}}