{"id":12632,"date":"2021-04-08T14:22:28","date_gmt":"2021-04-08T17:22:28","guid":{"rendered":"https:\/\/tvc16.com\/portal\/?p=12632"},"modified":"2021-04-08T14:22:31","modified_gmt":"2021-04-08T17:22:31","slug":"covid-19-situacao-esta-longe-do-fim-diz-presidente-da-anvisa","status":"publish","type":"post","link":"https:\/\/tvc16.com\/portal\/2021\/04\/08\/covid-19-situacao-esta-longe-do-fim-diz-presidente-da-anvisa\/","title":{"rendered":"Covid-19 : \u201csitua\u00e7\u00e3o est\u00e1 longe do fim\u201d, diz presidente da Anvisa"},"content":{"rendered":"\n<h3 class=\"wp-block-heading\">Ant\u00f4nio Torres falou na Comiss\u00e3o Tempor\u00e1ria da Covid-19 no Senado<\/h3>\n\n\n\n<h4 class=\"wp-block-heading\">Por Karine Melo &#8211; Rep\u00f3rter Ag\u00eancia Brasil &#8211; Bras\u00edlia<\/h4>\n\n\n\n<p>O diretor-presidente da Ag\u00eancia Nacional de Vigil\u00e2ncia Sanit\u00e1ria (Anvisa), Ant\u00f4nio Barra Torres, disse nesta quinta-feira (8) que a situa\u00e7\u00e3o pand\u00eamica est\u00e1 longe do fim. \u201cO entendimento que temos aqui na ag\u00eancia, e n\u00e3o \u00e9 um entendimento dos mais felizes, \u00e9 que essa situa\u00e7\u00e3o que atravessamos est\u00e1 longe do seu fim. N\u00e3o h\u00e1 entre n\u00f3s a convic\u00e7\u00e3o de que a fase pior tenha passado. N\u00f3s temos tido uma s\u00e9rie de sinaliza\u00e7\u00f5es de possibilidades ainda mais desafiadoras est\u00e3o por vir no curto e no m\u00e9dio prazo\u201d.<img decoding=\"async\" src=\"https:\/\/agenciabrasil.ebc.com.br\/ebc.png?id=1406199&amp;o=node\"><img decoding=\"async\" src=\"https:\/\/agenciabrasil.ebc.com.br\/ebc.gif?id=1406199&amp;o=node\"><\/p>\n\n\n\n<p>Ao participar, nesta quinta-feira (8), de audi\u00eancia p\u00fablica na Comiss\u00e3o Tempor\u00e1ria da Covid-19 no Senado e questionado sobre a possibilidade de vacinas serem produzidas em plantas de produ\u00e7\u00e3o para uso veterin\u00e1rio, Torres ressaltou que a Anvisa n\u00e3o v\u00ea nenhum sentido em manter os olhos apenas nos pr\u00f3ximos minutos, nos pr\u00f3ximos dias. \u201cTemos, sim, que olhar para um futuro at\u00e9 mesmo mais distante. J\u00e1 tomamos provid\u00eancias h\u00e1 algum tempo em rela\u00e7\u00e3o a isso aqui na Anvisa, inclusive com a cria\u00e7\u00e3o de um grupo de an\u00e1lise estrat\u00e9gica desse quadro, com vis\u00e3o prospectiva, focando nos pr\u00f3ximos anos inclusive\u201d.<\/p>\n\n\n\n<p>Ainda na avalia\u00e7\u00e3o de Ant\u00f4nio Barra Torres, toda uma estrutura mundial vai ter que se reorganizar. Nascer\u00e1 um novo mundo dessa pandemia. \u201cE em setores da economia que, por uma a\u00e7\u00e3o fundamentalmente focada no capitalismo, tinham uma justifica\u00e7\u00e3o, como a terceiriza\u00e7\u00e3o de \u00e1reas essenciais de produ\u00e7\u00e3o em troca de m\u00e3o de obra mais barata e quest\u00e3o fiscal mais atraente, hoje se d\u00e1 por comprovado que quem fez essa escolha encontra-se em uma posi\u00e7\u00e3o de ref\u00e9m diante da oferta de insumos essenciais que v\u00eam do exterior \u2013 no caso concreto, basicamente de dois pa\u00edses\u201d.<\/p>\n\n\n\n<h2 class=\"wp-block-heading\">Fiocruz<\/h2>\n\n\n\n<p>Tamb\u00e9m convidada para a audi\u00eancia p\u00fablica, a presidente da Funda\u00e7\u00e3o Oswaldo Cruz (Fiocruz), N\u00edsia Trindade Lima, disse que no momento em que o Brasil enfrenta dificuldades na importa\u00e7\u00e3o do IFA (insumo farmac\u00eautico ativo) a funda\u00e7\u00e3o, respons\u00e1vel no pa\u00eds pela vacina de Oxford\/AstraZeneca, vai assinar, em duas semanas, o acordo de transfer\u00eancia de tecnologia do IFA desse imunizante para que ele seja, enfim, produzido em territ\u00f3rio nacional.<\/p>\n\n\n\n<p>Segundo N\u00edsia, a Fiocruz trabalha atualmente com duas linhas de produ\u00e7\u00e3o que permitem a fabrica\u00e7\u00e3o de 900 mil doses por dia. \u201cEm breve, estaremos trabalhando em uma nova linha de produ\u00e7\u00e3o, com segundo turno de trabalho, que nos permitir\u00e1 a produ\u00e7\u00e3o de 1,2 milh\u00e3o de doses\/dia\u201d, explicou.<\/p>\n\n\n\n<p>Segundo a Fiocruz, a previs\u00e3o \u00e9 de que as vacinas produzidas com IFA nacional sejam entregues s\u00f3 a partir de setembro. \u201cTemos IFA garantido para produ\u00e7\u00e3o at\u00e9 o m\u00eas de maio. Mas o embaixador da China disse que estar\u00e1 acompanhando pessoalmente isso\u201d, enfatizou. A China \u00e9 o pa\u00eds exportador do IFA usado pelo Brasil na produ\u00e7\u00e3o dos imunizantes.<\/p>\n\n\n\n<p>Edi\u00e7\u00e3o: Val\u00e9ria Aguiar<\/p>\n","protected":false},"excerpt":{"rendered":"<p>Ant\u00f4nio Torres falou na Comiss\u00e3o Tempor\u00e1ria da Covid-19 no Senado Por Karine Melo &#8211; Rep\u00f3rter<\/p>\n","protected":false},"author":2,"featured_media":12633,"comment_status":"open","ping_status":"open","sticky":false,"template":"","format":"standard","meta":{"footnotes":""},"categories":[17],"tags":[],"class_list":["post-12632","post","type-post","status-publish","format-standard","has-post-thumbnail","hentry","category-outras-noticias"],"_links":{"self":[{"href":"https:\/\/tvc16.com\/portal\/wp-json\/wp\/v2\/posts\/12632","targetHints":{"allow":["GET"]}}],"collection":[{"href":"https:\/\/tvc16.com\/portal\/wp-json\/wp\/v2\/posts"}],"about":[{"href":"https:\/\/tvc16.com\/portal\/wp-json\/wp\/v2\/types\/post"}],"author":[{"embeddable":true,"href":"https:\/\/tvc16.com\/portal\/wp-json\/wp\/v2\/users\/2"}],"replies":[{"embeddable":true,"href":"https:\/\/tvc16.com\/portal\/wp-json\/wp\/v2\/comments?post=12632"}],"version-history":[{"count":1,"href":"https:\/\/tvc16.com\/portal\/wp-json\/wp\/v2\/posts\/12632\/revisions"}],"predecessor-version":[{"id":12634,"href":"https:\/\/tvc16.com\/portal\/wp-json\/wp\/v2\/posts\/12632\/revisions\/12634"}],"wp:featuredmedia":[{"embeddable":true,"href":"https:\/\/tvc16.com\/portal\/wp-json\/wp\/v2\/media\/12633"}],"wp:attachment":[{"href":"https:\/\/tvc16.com\/portal\/wp-json\/wp\/v2\/media?parent=12632"}],"wp:term":[{"taxonomy":"category","embeddable":true,"href":"https:\/\/tvc16.com\/portal\/wp-json\/wp\/v2\/categories?post=12632"},{"taxonomy":"post_tag","embeddable":true,"href":"https:\/\/tvc16.com\/portal\/wp-json\/wp\/v2\/tags?post=12632"}],"curies":[{"name":"wp","href":"https:\/\/api.w.org\/{rel}","templated":true}]}}