{"id":1264,"date":"2020-09-25T15:57:25","date_gmt":"2020-09-25T15:57:25","guid":{"rendered":"https:\/\/tvc16.com\/portal\/?p=1264"},"modified":"2020-09-25T15:57:25","modified_gmt":"2020-09-25T15:57:25","slug":"fiocruz-lanca-video-sobre-experiencias-de-pessoas-com-doencas-raras","status":"publish","type":"post","link":"https:\/\/tvc16.com\/portal\/2020\/09\/25\/fiocruz-lanca-video-sobre-experiencias-de-pessoas-com-doencas-raras\/","title":{"rendered":"Fiocruz lan\u00e7a v\u00eddeo sobre experi\u00eancias de pessoas com doen\u00e7as raras"},"content":{"rendered":"\n<p>Lan\u00e7ado em comemora\u00e7\u00e3o ao Dia Nacional de Luta da Pessoa com Defici\u00eancia (21\/9), o&nbsp;v\u00eddeo&nbsp;<em>Raras Trajet\u00f3rias<\/em>&nbsp;retrata as experi\u00eancias&nbsp;de vida de uma adolescente e de um jovem adulto com doen\u00e7as raras, bem como de seus familiares e profissionais de sa\u00fade. Com a produ\u00e7\u00e3o do Criar Brasil e com a coordena\u00e7\u00e3o do N\u00facleo de Dissemina\u00e7\u00e3o Cient\u00edfica do&nbsp;<a href=\"https:\/\/portal.fiocruz.br\/politicas-publicas-e-modelos-de-atencao-saude\" target=\"_blank\" rel=\"noreferrer noopener\">Programa de Pol\u00edticas P\u00fablicas e Modelos de Aten\u00e7\u00e3o e Gest\u00e3o \u00e0 Sa\u00fade<\/a>&nbsp;(PMA\/Fiocruz), o filme foi realizado com base nas pesquisas&nbsp;<em>Como s\u00e3o raras essas crian\u00e7as e adolescentes!?<\/em>&nbsp;e&nbsp;<em>A Rede Carioca de Imunodefici\u00eancias Prim\u00e1rias (Recip) como modelo sustent\u00e1vel de diagn\u00f3stico de doen\u00e7as raras para o Sistema \u00danico de Sa\u00fade<\/em>, coordenadas pelos pesquisadores do Instituto Nacional de Sa\u00fade da Mulher, da Crian\u00e7a e do Adolescente Fernandes Figueira (IFF\/Fiocruz), Martha Moreira e Zilton Vasconcelos.<\/p>\n\n\n\n<p>Os estudos tiveram financiamento do PMA, que \u00e9 uma das a\u00e7\u00f5es estrat\u00e9gicas da Vice-Presid\u00eancia de Pesquisa e Cole\u00e7\u00f5es Biol\u00f3gicas (VPPCB\/Fiocruz), com o intuito de fomentar, induzir e gerir redes de pesquisa que possam contribuir para a melhoria dos servi\u00e7os ofertados \u00e0 popula\u00e7\u00e3o, justamente a proposta do v\u00eddeo. Nele, os participantes compartilham suas experi\u00eancias na educa\u00e7\u00e3o, na sa\u00fade, no trabalho, na ci\u00eancia, nas associa\u00e7\u00f5es e na pol\u00edtica, buscando sensibilizar familiares e sociedade em geral, especialmente profissionais da sa\u00fade e da educa\u00e7\u00e3o. \u00c9 destacada a import\u00e2ncia do direito ao cuidado integral, \u00e0 educa\u00e7\u00e3o de qualidade e ao enfrentamento de preconceitos que criam barreiras ao reconhecimento dos direitos dessa popula\u00e7\u00e3o.<\/p>\n\n\n\n<p>A produ\u00e7\u00e3o tamb\u00e9m chama aten\u00e7\u00e3o tanto para as narrativas de adoecimento e os custos familiares envolvidos nesse processo, quanto aos modelos de diagn\u00f3stico. \u201cAl\u00e9m de ser um produto de dissemina\u00e7\u00e3o cient\u00edfica das pesquisas, o v\u00eddeo \u00e9 uma constru\u00e7\u00e3o coletiva feita junto aos usu\u00e1rios, profissionais de sa\u00fade, seus familiares, bem como associa\u00e7\u00f5es como a Associa\u00e7\u00e3o Carioca de Assist\u00eancia a Mucoviscidose (<a href=\"http:\/\/acamrj.org.br\/\" target=\"_blank\" rel=\"noreferrer noopener\">Acam<\/a>), Associa\u00e7\u00e3o Nacional de Osteog\u00eanese Imperfeita (<a href=\"https:\/\/www.facebook.com\/anoibr\/\" target=\"_blank\" rel=\"noreferrer noopener\">Anoi<\/a>) e&nbsp;<a href=\"https:\/\/www.facebook.com\/anjosdaguardamps\" target=\"_blank\" rel=\"noreferrer noopener\">Anjos da Guarda<\/a>\u201d, conta Martha Moreira.<\/p>\n\n\n\n<figure class=\"wp-block-embed-youtube wp-block-embed is-type-rich is-provider-incorporar-manipulador wp-embed-aspect-16-9 wp-has-aspect-ratio\"><div class=\"wp-block-embed__wrapper\">\n<iframe loading=\"lazy\" title=\"Raras trajet\u00f3rias\" width=\"640\" height=\"360\" src=\"https:\/\/www.youtube.com\/embed\/JVj3Z7v2rsE?feature=oembed\" frameborder=\"0\" allow=\"accelerometer; autoplay; clipboard-write; encrypted-media; gyroscope; picture-in-picture; web-share\" referrerpolicy=\"strict-origin-when-cross-origin\" allowfullscreen><\/iframe>\n<\/div><\/figure>\n\n\n\n<p><br><strong>Roda de conversa<\/strong><\/p>\n\n\n\n<p>Tamb\u00e9m em comemora\u00e7\u00e3o ao Dia Nacional de Luta da Pessoa com Defici\u00eancia, foi realizada (21\/9), a roda de conversa\u00a0<a rel=\"noreferrer noopener\" href=\"https:\/\/www.youtube.com\/channel\/UCI3g7tDWexij_Yc6cRNkYaQ\" target=\"_blank\"><em>Trajet\u00f3rias de estudo, trabalho e inclus\u00e3o de meninas e mulheres<\/em><\/a>, com media\u00e7\u00e3o de Martha Moreira e da assistente social e presidente da Anoi, F\u00e1tima Benincaza. A conversa contou com a participa\u00e7\u00e3o da biom\u00e9dica e fonoaudi\u00f3loga Nayane Buarque, da consultora e cientista de dados Thais Luzia de Oliveira, e da estudante de biologia e poeta Juju Teixeira.<\/p>\n\n\n\n<p><strong>Por: Raquel Tavares &#8211; PMA\/Fiocruz (Colabora\u00e7\u00e3o Everton Lima \u2013 IFF\/Fiocruz)<\/strong><\/p>\n","protected":false},"excerpt":{"rendered":"<p>Lan\u00e7ado em comemora\u00e7\u00e3o ao Dia Nacional de Luta da Pessoa com Defici\u00eancia (21\/9), o&nbsp;v\u00eddeo&nbsp;Raras Trajet\u00f3rias&nbsp;retrata<\/p>\n","protected":false},"author":2,"featured_media":1266,"comment_status":"open","ping_status":"open","sticky":false,"template":"","format":"standard","meta":{"footnotes":""},"categories":[17],"tags":[],"class_list":["post-1264","post","type-post","status-publish","format-standard","has-post-thumbnail","hentry","category-outras-noticias"],"_links":{"self":[{"href":"https:\/\/tvc16.com\/portal\/wp-json\/wp\/v2\/posts\/1264","targetHints":{"allow":["GET"]}}],"collection":[{"href":"https:\/\/tvc16.com\/portal\/wp-json\/wp\/v2\/posts"}],"about":[{"href":"https:\/\/tvc16.com\/portal\/wp-json\/wp\/v2\/types\/post"}],"author":[{"embeddable":true,"href":"https:\/\/tvc16.com\/portal\/wp-json\/wp\/v2\/users\/2"}],"replies":[{"embeddable":true,"href":"https:\/\/tvc16.com\/portal\/wp-json\/wp\/v2\/comments?post=1264"}],"version-history":[{"count":1,"href":"https:\/\/tvc16.com\/portal\/wp-json\/wp\/v2\/posts\/1264\/revisions"}],"predecessor-version":[{"id":1267,"href":"https:\/\/tvc16.com\/portal\/wp-json\/wp\/v2\/posts\/1264\/revisions\/1267"}],"wp:featuredmedia":[{"embeddable":true,"href":"https:\/\/tvc16.com\/portal\/wp-json\/wp\/v2\/media\/1266"}],"wp:attachment":[{"href":"https:\/\/tvc16.com\/portal\/wp-json\/wp\/v2\/media?parent=1264"}],"wp:term":[{"taxonomy":"category","embeddable":true,"href":"https:\/\/tvc16.com\/portal\/wp-json\/wp\/v2\/categories?post=1264"},{"taxonomy":"post_tag","embeddable":true,"href":"https:\/\/tvc16.com\/portal\/wp-json\/wp\/v2\/tags?post=1264"}],"curies":[{"name":"wp","href":"https:\/\/api.w.org\/{rel}","templated":true}]}}