{"id":12641,"date":"2021-04-08T14:25:10","date_gmt":"2021-04-08T17:25:10","guid":{"rendered":"https:\/\/tvc16.com\/portal\/?p=12641"},"modified":"2021-04-08T14:25:11","modified_gmt":"2021-04-08T17:25:11","slug":"covid-19-governo-anuncia-distribuicao-de-mais-44-milhoes-de-vacinas","status":"publish","type":"post","link":"https:\/\/tvc16.com\/portal\/2021\/04\/08\/covid-19-governo-anuncia-distribuicao-de-mais-44-milhoes-de-vacinas\/","title":{"rendered":"Covid-19: governo anuncia distribui\u00e7\u00e3o de mais 4,4 milh\u00f5es de vacinas"},"content":{"rendered":"\n<h3 class=\"wp-block-heading\">Imunizante ser\u00e1 entregue \u201cde forma proporcional e igualit\u00e1ria\u201d<\/h3>\n\n\n\n<h4 class=\"wp-block-heading\">Por Ag\u00eancia Brasil &#8211; Bras\u00edlia<\/h4>\n\n\n\n<p>O Minist\u00e9rio da Sa\u00fade informou que, a partir de hoje (8), entregar\u00e1 mais um lote de vacinas da covid-19 a todas unidades federativas para refor\u00e7o da campanha de imuniza\u00e7\u00e3o. Acrescentou que 4,4 milh\u00f5es de doses ser\u00e3o entregues \u201cde forma proporcional e igualit\u00e1ria\u201d.<img decoding=\"async\" src=\"https:\/\/agenciabrasil.ebc.com.br\/ebc.png?id=1406201&amp;o=node\"><img decoding=\"async\" src=\"https:\/\/agenciabrasil.ebc.com.br\/ebc.gif?id=1406201&amp;o=node\"><\/p>\n\n\n\n<p>Desse total, 2 milh\u00f5es ser\u00e3o de vacinas da CoronaVac produzidas pelo Instituto Butantan, e 2,4 milh\u00f5es ser\u00e3o da AstraZeneca\/Oxford, da Funda\u00e7\u00e3o Oswaldo Cruz (Fiocruz). Todas essas doses foram produzidas no Brasil com mat\u00e9ria-prima importada.<\/p>\n\n\n\n<p>\u201cAs doses ser\u00e3o destinadas para vacina\u00e7\u00e3o de trabalhadores da sa\u00fade, idosos entre 65 e 74 anos, for\u00e7as de seguran\u00e7a e salvamento e For\u00e7as Armadas que atuam na linha de frente do combate \u00e0 pandemia\u201d, informou, por meio de nota, o Minist\u00e9rio da Sa\u00fade.&nbsp;<\/p>\n\n\n\n<p>Parte das vacinas ser\u00e1 destinada para a primeira dose dos agentes das for\u00e7as de seguran\u00e7a e salvamento, For\u00e7as Armadas e idosos entre 65 e 69 anos.<\/p>\n\n\n\n<p>As demais vacinas t\u00eam como destino a segunda dose a ser aplicada em trabalhadores da sa\u00fade e idosos entre 70 e 74 anos, de forma a garantir a aplica\u00e7\u00e3o conforme o tempo recomendado de cada imunizante (quatro semanas para a vacina do Butantan e 12 semanas para as doses da Fiocruz).<\/p>\n\n\n\n<p>Edi\u00e7\u00e3o: Kleber Sampaio<\/p>\n","protected":false},"excerpt":{"rendered":"<p>Imunizante ser\u00e1 entregue \u201cde forma proporcional e igualit\u00e1ria\u201d Por Ag\u00eancia Brasil &#8211; Bras\u00edlia O Minist\u00e9rio<\/p>\n","protected":false},"author":2,"featured_media":12642,"comment_status":"open","ping_status":"open","sticky":false,"template":"","format":"standard","meta":{"footnotes":""},"categories":[17],"tags":[],"class_list":["post-12641","post","type-post","status-publish","format-standard","has-post-thumbnail","hentry","category-outras-noticias"],"_links":{"self":[{"href":"https:\/\/tvc16.com\/portal\/wp-json\/wp\/v2\/posts\/12641","targetHints":{"allow":["GET"]}}],"collection":[{"href":"https:\/\/tvc16.com\/portal\/wp-json\/wp\/v2\/posts"}],"about":[{"href":"https:\/\/tvc16.com\/portal\/wp-json\/wp\/v2\/types\/post"}],"author":[{"embeddable":true,"href":"https:\/\/tvc16.com\/portal\/wp-json\/wp\/v2\/users\/2"}],"replies":[{"embeddable":true,"href":"https:\/\/tvc16.com\/portal\/wp-json\/wp\/v2\/comments?post=12641"}],"version-history":[{"count":1,"href":"https:\/\/tvc16.com\/portal\/wp-json\/wp\/v2\/posts\/12641\/revisions"}],"predecessor-version":[{"id":12643,"href":"https:\/\/tvc16.com\/portal\/wp-json\/wp\/v2\/posts\/12641\/revisions\/12643"}],"wp:featuredmedia":[{"embeddable":true,"href":"https:\/\/tvc16.com\/portal\/wp-json\/wp\/v2\/media\/12642"}],"wp:attachment":[{"href":"https:\/\/tvc16.com\/portal\/wp-json\/wp\/v2\/media?parent=12641"}],"wp:term":[{"taxonomy":"category","embeddable":true,"href":"https:\/\/tvc16.com\/portal\/wp-json\/wp\/v2\/categories?post=12641"},{"taxonomy":"post_tag","embeddable":true,"href":"https:\/\/tvc16.com\/portal\/wp-json\/wp\/v2\/tags?post=12641"}],"curies":[{"name":"wp","href":"https:\/\/api.w.org\/{rel}","templated":true}]}}