{"id":12647,"date":"2021-04-08T14:50:00","date_gmt":"2021-04-08T17:50:00","guid":{"rendered":"https:\/\/tvc16.com\/portal\/?p=12647"},"modified":"2021-04-08T14:50:04","modified_gmt":"2021-04-08T17:50:04","slug":"oportunidade-curso-pre-enem-da-firjan-sesi-oferece-50-vagas-gratuitas-em-petropolis","status":"publish","type":"post","link":"https:\/\/tvc16.com\/portal\/2021\/04\/08\/oportunidade-curso-pre-enem-da-firjan-sesi-oferece-50-vagas-gratuitas-em-petropolis\/","title":{"rendered":"Oportunidade: curso Pr\u00e9-Enem da Firjan SESI oferece 50 vagas gratuitas em Petr\u00f3polis"},"content":{"rendered":"\n<p>A Firjan SESI abriu nova turma para o curso preparat\u00f3rio on-line do Enem em Petr\u00f3polis. Dessa vez s\u00e3o oferecidas 50 vagas e as aulas ser\u00e3o realizadas \u00e0 noite. O objetivo \u00e9 contribuir para a forma\u00e7\u00e3o de jovens e ampliar as possibilidades de acesso \u00e0s concorridas vagas nas universidades, que s\u00e3o conquistadas por meio da nota no Exame Nacional do Ensino M\u00e9dio.<\/p>\n\n\n\n<p>Para participar \u00e9 preciso ter idade m\u00ednima de 15 anos, estar matriculado em uma turma do 2\u00ba ou 3\u00ba ano do Ensino M\u00e9dio (da Educa\u00e7\u00e3o Regular ou da Educa\u00e7\u00e3o de Jovens e Adultos) em qualquer escola da rede p\u00fablica ou j\u00e1 ter conclu\u00eddo o Ensino M\u00e9dio.<\/p>\n\n\n\n<p>As inscri\u00e7\u00f5es ficam abertas at\u00e9 18\/04 \u00e0s 17h, e devem ser feitas no site http:\/\/www.escolafirjansesi.com.br\/pre-enem, onde o candidato deve inserir a documenta\u00e7\u00e3o completa exigida.<\/p>\n\n\n\n<p>Ap\u00f3s o per\u00edodo de inscri\u00e7\u00e3o, a documenta\u00e7\u00e3o dos candidatos ser\u00e1 analisada para verifica\u00e7\u00e3o do cumprimento de pr\u00e9-requisitos para participa\u00e7\u00e3o. Se classificado, segundo ordem de inscri\u00e7\u00e3o, dentro do n\u00famero de vagas dispon\u00edveis para a unidade escolar que se inscreveu, o candidato estar\u00e1 apto a se matricular no curso.<\/p>\n\n\n\n<p>A escola far\u00e1 contato para confirmar o hor\u00e1rio das turmas, assinatura do termo de ades\u00e3o ao curso e formaliza\u00e7\u00e3o da matr\u00edcula. A lista de candidatos classificados tamb\u00e9m ser\u00e1 disponibilizada, em 21\/04, no site da Escola Firjan SESI.<\/p>\n\n\n\n<p>O edital completo est\u00e1 dispon\u00edvel no site: http:\/\/www.escolafirjansesi.com.br\/pre-enem. Mais informa\u00e7\u00f5es tamb\u00e9m podem ser obtidas atrav\u00e9s do telefone 0800 0231 231.<\/p>\n","protected":false},"excerpt":{"rendered":"<p>A Firjan SESI abriu nova turma para o curso preparat\u00f3rio on-line do Enem em Petr\u00f3polis.<\/p>\n","protected":false},"author":2,"featured_media":12648,"comment_status":"open","ping_status":"open","sticky":false,"template":"","format":"standard","meta":{"footnotes":""},"categories":[12],"tags":[],"class_list":["post-12647","post","type-post","status-publish","format-standard","has-post-thumbnail","hentry","category-cidade"],"_links":{"self":[{"href":"https:\/\/tvc16.com\/portal\/wp-json\/wp\/v2\/posts\/12647","targetHints":{"allow":["GET"]}}],"collection":[{"href":"https:\/\/tvc16.com\/portal\/wp-json\/wp\/v2\/posts"}],"about":[{"href":"https:\/\/tvc16.com\/portal\/wp-json\/wp\/v2\/types\/post"}],"author":[{"embeddable":true,"href":"https:\/\/tvc16.com\/portal\/wp-json\/wp\/v2\/users\/2"}],"replies":[{"embeddable":true,"href":"https:\/\/tvc16.com\/portal\/wp-json\/wp\/v2\/comments?post=12647"}],"version-history":[{"count":1,"href":"https:\/\/tvc16.com\/portal\/wp-json\/wp\/v2\/posts\/12647\/revisions"}],"predecessor-version":[{"id":12649,"href":"https:\/\/tvc16.com\/portal\/wp-json\/wp\/v2\/posts\/12647\/revisions\/12649"}],"wp:featuredmedia":[{"embeddable":true,"href":"https:\/\/tvc16.com\/portal\/wp-json\/wp\/v2\/media\/12648"}],"wp:attachment":[{"href":"https:\/\/tvc16.com\/portal\/wp-json\/wp\/v2\/media?parent=12647"}],"wp:term":[{"taxonomy":"category","embeddable":true,"href":"https:\/\/tvc16.com\/portal\/wp-json\/wp\/v2\/categories?post=12647"},{"taxonomy":"post_tag","embeddable":true,"href":"https:\/\/tvc16.com\/portal\/wp-json\/wp\/v2\/tags?post=12647"}],"curies":[{"name":"wp","href":"https:\/\/api.w.org\/{rel}","templated":true}]}}