{"id":12650,"date":"2021-04-08T15:38:03","date_gmt":"2021-04-08T18:38:03","guid":{"rendered":"https:\/\/tvc16.com\/portal\/?p=12650"},"modified":"2021-04-08T15:38:06","modified_gmt":"2021-04-08T18:38:06","slug":"solidariedade-expulsa-sumariamente-o-vereador-dr-jairinho","status":"publish","type":"post","link":"https:\/\/tvc16.com\/portal\/2021\/04\/08\/solidariedade-expulsa-sumariamente-o-vereador-dr-jairinho\/","title":{"rendered":"Solidariedade expulsa sumariamente o vereador Dr. Jairinho"},"content":{"rendered":"\n<h3 class=\"wp-block-heading\">Parlamentar foi preso hoje acusado da morte do enteado<\/h3>\n\n\n\n<h4 class=\"wp-block-heading\">Por Heloisa Cristaldo &#8211; Rep\u00f3rter da Ag\u00eancia Brasil &#8211; Bras\u00edlia<\/h4>\n\n\n\n<p>O partido Solidariedade decidiu, de forma sum\u00e1ria, expulsar o vereador Dr. Jairinho (RJ).&nbsp;<a href=\"https:\/\/agenciabrasil.ebc.com.br\/geral\/noticia\/2021-04\/vereador-e-preso-no-rio-suspeito-de-envolvimento-na-morte-de-menino\" target=\"_blank\" rel=\"noreferrer noopener\">O parlamentar foi preso na manh\u00e3 desta quinta-feira (8)<\/a>&nbsp;suspeito da morte de seu enteado, o menino Henry Borel Medeiros, de 4 anos de idade, no dia 8 de mar\u00e7o. Tamb\u00e9m teve a pris\u00e3o decretada a m\u00e3e do menino e namorada do parlamentar, Monique Medeiros.&nbsp;&nbsp;<img decoding=\"async\" src=\"https:\/\/agenciabrasil.ebc.com.br\/ebc.png?id=1406223&amp;o=node\"><img decoding=\"async\" src=\"https:\/\/agenciabrasil.ebc.com.br\/ebc.gif?id=1406223&amp;o=node\"><\/p>\n\n\n\n<p>\u201cDiante dos novos fatos revelados, a Executiva Nacional do Solidariedade, em conjunto com a Estadual do partido, resolve expulsar, de forma sum\u00e1ria, o vereador Dr. Jairinho\u201d, anunciou a sigla por meio de nota. O vereador j\u00e1 estava afastado e licenciado do partido antes do an\u00fancio de sua pris\u00e3o realizada hoje.<\/p>\n\n\n\n<p>Tamb\u00e9m nesta quinta-feira, a C\u00e2mara Municipal do Rio de Janeiro anunciou a imediata suspens\u00e3o do sal\u00e1rio de Dr. Jairinho, por ter sido preso, conforme prev\u00ea o regimento interno da Casa. Ainda hoje parlamentares do&nbsp; Conselho de \u00c9tica se re\u00fanem, a partir das 18h, para discutir a situa\u00e7\u00e3o do vereador.&nbsp;<\/p>\n\n\n\n<p>\u201cA C\u00e2mara Municipal do Rio de Janeiro, atenta \u00e0 gravidade da pris\u00e3o do Vereador Dr. Jairinho e, como j\u00e1 declarado, consternada com a morte do menino Henry, se reunir\u00e1 hoje para debater a situa\u00e7\u00e3o do parlamentar, com a responsabilidade que o caso exige. Embora inexista at\u00e9 o momento representa\u00e7\u00e3o formulada no Conselho de \u00c9tica, ser\u00e1 dada toda celeridade que o caso exige\u201d, informou a Casa, por meio de nota.<\/p>\n\n\n\n<h2 class=\"wp-block-heading\">Investiga\u00e7\u00e3o<\/h2>\n\n\n\n<p>Dr. Jairinho mora com a m\u00e3e de Henry em um apartamento de um condom\u00ednio da Barra da Tijuca, onde a crian\u00e7a, segundo investiga\u00e7\u00f5es da Pol\u00edcia Civil, teria sofrido fortes agress\u00f5es. O menino tinha passado o fim de semana com o pai, Leniel Borel, que o deixou em casa na noite de 7 de mar\u00e7o.<\/p>\n\n\n\n<p>O advogado de defesa do casal, Andr\u00e9 Barreto, chegou \u00e0 delegacia logo ap\u00f3s a pris\u00e3o do vereador e da m\u00e3e de Henry. Procurado pela reportagem da&nbsp;<strong>Ag\u00eancia Brasil<\/strong>, o advogado n\u00e3o respondeu \u00e0s mensagens.<\/p>\n\n\n\n<p>Em um site criado pelo casal e sua defesa h\u00e1 alguns dias, no entanto, eles dizem ser inocentes e acreditar que \u201ca justi\u00e7a prevalecer\u00e1\u201d.<\/p>\n\n\n\n<p>Edi\u00e7\u00e3o: Fernando Fraga<\/p>\n","protected":false},"excerpt":{"rendered":"<p>Parlamentar foi preso hoje acusado da morte do enteado Por Heloisa Cristaldo &#8211; Rep\u00f3rter da<\/p>\n","protected":false},"author":2,"featured_media":12651,"comment_status":"open","ping_status":"open","sticky":false,"template":"","format":"standard","meta":{"footnotes":""},"categories":[17],"tags":[],"class_list":["post-12650","post","type-post","status-publish","format-standard","has-post-thumbnail","hentry","category-outras-noticias"],"_links":{"self":[{"href":"https:\/\/tvc16.com\/portal\/wp-json\/wp\/v2\/posts\/12650","targetHints":{"allow":["GET"]}}],"collection":[{"href":"https:\/\/tvc16.com\/portal\/wp-json\/wp\/v2\/posts"}],"about":[{"href":"https:\/\/tvc16.com\/portal\/wp-json\/wp\/v2\/types\/post"}],"author":[{"embeddable":true,"href":"https:\/\/tvc16.com\/portal\/wp-json\/wp\/v2\/users\/2"}],"replies":[{"embeddable":true,"href":"https:\/\/tvc16.com\/portal\/wp-json\/wp\/v2\/comments?post=12650"}],"version-history":[{"count":1,"href":"https:\/\/tvc16.com\/portal\/wp-json\/wp\/v2\/posts\/12650\/revisions"}],"predecessor-version":[{"id":12652,"href":"https:\/\/tvc16.com\/portal\/wp-json\/wp\/v2\/posts\/12650\/revisions\/12652"}],"wp:featuredmedia":[{"embeddable":true,"href":"https:\/\/tvc16.com\/portal\/wp-json\/wp\/v2\/media\/12651"}],"wp:attachment":[{"href":"https:\/\/tvc16.com\/portal\/wp-json\/wp\/v2\/media?parent=12650"}],"wp:term":[{"taxonomy":"category","embeddable":true,"href":"https:\/\/tvc16.com\/portal\/wp-json\/wp\/v2\/categories?post=12650"},{"taxonomy":"post_tag","embeddable":true,"href":"https:\/\/tvc16.com\/portal\/wp-json\/wp\/v2\/tags?post=12650"}],"curies":[{"name":"wp","href":"https:\/\/api.w.org\/{rel}","templated":true}]}}