{"id":12659,"date":"2021-04-09T10:16:09","date_gmt":"2021-04-09T13:16:09","guid":{"rendered":"https:\/\/tvc16.com\/portal\/?p=12659"},"modified":"2021-04-09T10:16:13","modified_gmt":"2021-04-09T13:16:13","slug":"prefeito-interino-assina-convenio-com-o-der-rj-que-possibilita-investimentos-em-infraestrutura-viaria","status":"publish","type":"post","link":"https:\/\/tvc16.com\/portal\/2021\/04\/09\/prefeito-interino-assina-convenio-com-o-der-rj-que-possibilita-investimentos-em-infraestrutura-viaria\/","title":{"rendered":"Prefeito interino assina conv\u00eanio com o DER-RJ que possibilita investimentos em infraestrutura vi\u00e1ria"},"content":{"rendered":"\n<p>A Prefeitura de Petr\u00f3polis assinou nesta quinta-feira (08\/04), com o Governo do Estado \u2013 por meio do Departamento de Estradas de Rodagem (DER-RJ) \u2013 um termo de conv\u00eanio que possibilita a coopera\u00e7\u00e3o m\u00fatua entre o \u00f3rg\u00e3o estadual e o munic\u00edpio para obras de infraestrutura vi\u00e1ria. A parceria foi firmada pelo prefeito interino Hingo Hammes em reuni\u00e3o no Pal\u00e1cio Laranjeiras, com a presen\u00e7a do governador em exerc\u00edcio Claudio Castro, do presidente do DER-RJ Luiz Roberto Pereira de Souza, secret\u00e1rios estaduais e prefeitos das regi\u00f5es Serrana, Sul Fluminense, M\u00e9dio Para\u00edba e Noroeste.<\/p>\n\n\n\n<p>\u201cA celebra\u00e7\u00e3o deste conv\u00eanio traz a expectativa do atendimento de demandas existentes no munic\u00edpio, assim como a realiza\u00e7\u00e3o de obras e demais a\u00e7\u00f5es que contribuam para a melhoria da nossa malha vi\u00e1ria\u201d, destacou o prefeito.<\/p>\n\n\n\n<p>Pela proposta, o conv\u00eanio poder\u00e1 beneficiar vias secund\u00e1rias, coletoras, vicinais e locais. O DER-RJ fica respons\u00e1vel por fornecer o material e o governo municipal entrar\u00e1 com a m\u00e3o de obra dos servi\u00e7os. A cess\u00e3o dos insumos ficar\u00e1 condicionada um pedido pr\u00e9vio formal por parte do munic\u00edpio, por meio de um plano de trabalho que contenha o destino da utiliza\u00e7\u00e3o, entre outras especifica\u00e7\u00f5es.<\/p>\n\n\n\n<p>O governador Cl\u00e1udio Castro, frisou que uma boa estrutura atrai empresas, gerando emprego e renda e combate \u00e0 pobreza, uma das maiores consequ\u00eancias da pandemia da Covid-19.<\/p>\n\n\n\n<p>O presidente do DER-RJ, Luiz Roberto Pereira de Souza, lembrou que quando se pensa nos munic\u00edpios o Governo est\u00e1 pensando no crescimento do estado como um todo. No total, ser\u00e3o investidos, por meio do DER-RJ, cerca de R$ 150 milh\u00f5es em 89 munic\u00edpios fluminenses.<\/p>\n","protected":false},"excerpt":{"rendered":"<p>A Prefeitura de Petr\u00f3polis assinou nesta quinta-feira (08\/04), com o Governo do Estado \u2013 por<\/p>\n","protected":false},"author":2,"featured_media":12660,"comment_status":"open","ping_status":"open","sticky":false,"template":"","format":"standard","meta":{"footnotes":""},"categories":[12],"tags":[],"class_list":["post-12659","post","type-post","status-publish","format-standard","has-post-thumbnail","hentry","category-cidade"],"_links":{"self":[{"href":"https:\/\/tvc16.com\/portal\/wp-json\/wp\/v2\/posts\/12659","targetHints":{"allow":["GET"]}}],"collection":[{"href":"https:\/\/tvc16.com\/portal\/wp-json\/wp\/v2\/posts"}],"about":[{"href":"https:\/\/tvc16.com\/portal\/wp-json\/wp\/v2\/types\/post"}],"author":[{"embeddable":true,"href":"https:\/\/tvc16.com\/portal\/wp-json\/wp\/v2\/users\/2"}],"replies":[{"embeddable":true,"href":"https:\/\/tvc16.com\/portal\/wp-json\/wp\/v2\/comments?post=12659"}],"version-history":[{"count":1,"href":"https:\/\/tvc16.com\/portal\/wp-json\/wp\/v2\/posts\/12659\/revisions"}],"predecessor-version":[{"id":12661,"href":"https:\/\/tvc16.com\/portal\/wp-json\/wp\/v2\/posts\/12659\/revisions\/12661"}],"wp:featuredmedia":[{"embeddable":true,"href":"https:\/\/tvc16.com\/portal\/wp-json\/wp\/v2\/media\/12660"}],"wp:attachment":[{"href":"https:\/\/tvc16.com\/portal\/wp-json\/wp\/v2\/media?parent=12659"}],"wp:term":[{"taxonomy":"category","embeddable":true,"href":"https:\/\/tvc16.com\/portal\/wp-json\/wp\/v2\/categories?post=12659"},{"taxonomy":"post_tag","embeddable":true,"href":"https:\/\/tvc16.com\/portal\/wp-json\/wp\/v2\/tags?post=12659"}],"curies":[{"name":"wp","href":"https:\/\/api.w.org\/{rel}","templated":true}]}}