{"id":12662,"date":"2021-04-09T10:19:51","date_gmt":"2021-04-09T13:19:51","guid":{"rendered":"https:\/\/tvc16.com\/portal\/?p=12662"},"modified":"2021-04-09T10:26:33","modified_gmt":"2021-04-09T13:26:33","slug":"mais-22-pessoas-morrem-por-covid-19-em-petropolis","status":"publish","type":"post","link":"https:\/\/tvc16.com\/portal\/2021\/04\/09\/mais-22-pessoas-morrem-por-covid-19-em-petropolis\/","title":{"rendered":"Mais 22 pessoas morrem por covid-19 em Petr\u00f3polis"},"content":{"rendered":"\n<p>Mais 22 \u00f3bitos por covid-19 foram registrados nesta quinta-feira (08), em Petr\u00f3polis. Esses \u00f3bitos foram registrados no per\u00edodo entre 20 de mar\u00e7o e 07 de abril. O boletim epidemiol\u00f3gico da Secretaria de Sa\u00fade mostrou que a cidade fez, at\u00e9 agora, 134.272 testes para Covid-19, com 26.397 resultados positivos e 103.658 negativos (levando em considera\u00e7\u00e3o testes r\u00e1pidos e Swab). <\/p>\n\n\n\n<p>Neste momento, 153 pessoas est\u00e3o internadas em leitos de UTI privados e pelo SUS. Outras 184 est\u00e3o em leitos cl\u00ednicos, considerando leitos privados e SUS, totalizando assim, 337 interna\u00e7\u00f5es em toda a rede da cidade. A ocupa\u00e7\u00e3o de leitos cl\u00ednicos pelo SUS \u00e9 de 75,59% e 89,74% em leitos de UTI.<\/p>\n\n\n\n<p>A Secretaria de Sa\u00fade esclarece que o n\u00famero de \u00f3bitos, hoje em 765, \u00e9 atualizado nos boletins apenas ap\u00f3s o registro do atestado de \u00f3bito e do resultado do exame do paciente no sistema da Vigil\u00e2ncia Epidemiol\u00f3gica, o que \u00e9 feito por equipe administrativa. Trata-se de medida de seguran\u00e7a para evitar erro na informa\u00e7\u00e3o divulgada pela Secretaria de Sa\u00fade.<\/p>\n\n\n\n<p>A Secretaria acrescenta, ainda, que trabalha na atualiza\u00e7\u00e3o de dados de notifica\u00e7\u00f5es e casos em an\u00e1lise no sistema, inserindo ainda dados n\u00e3o lan\u00e7ados no fim do ano passado. \u00c9 poss\u00edvel acompanhar a evolu\u00e7\u00e3o dos casos no portal da transpar\u00eancia do coronav\u00edrus, no site da Prefeitura (www.petropolis.rj.gov.br)<\/p>\n\n\n\n<p>\u00d3bitos registrados:<\/p>\n\n\n\n<p>Homem, 70 anos, morador no Lajinha. Internado em 13\/03 na UPA Cascatinha e transferido para o HNSA. \u00d3bito registrado em 20\/03 no HNSA. Paciente com hipertens\u00e3o arterial e doen\u00e7a pulmonar obstrutiva cr\u00f4nica.<\/p>\n\n\n\n<p><br>Homem, 74 anos, morador em Itaipava. Internado em 11\/03 na UPA Cascatinha e transferido para o HNSA. \u00d3bito registrado em 22\/03 no HNSA. Paciente com hipertens\u00e3o arterial.<\/p>\n\n\n\n<p><br>Homem, 64 anos, morador na Castel\u00e2nea. Internado em 23\/03 na UPA Cascatinha e transferido para o HNSA. \u00d3bito registrado em 25\/03 no HNSA. Paciente sem comorbidades.<\/p>\n\n\n\n<p><br>Homem, 80 anos, morador no Morin. Internado em 07\/03 no SMH. \u00d3bito registrado em 26\/03 no SMH. Paciente com neoplasia pulmonar.<\/p>\n\n\n\n<p>Mulher, 66 anos, moradora no Brejal. Internada em 18\/03 na UPA Cascatinha e transferida para o HNSA. \u00d3bito registrado em 21\/03 no HNSA. Paciente com hipertens\u00e3o arterial.<\/p>\n\n\n\n<p><br>Homem, 48 anos, morador no Bingen. Paciente internado em 12\/03 no SMH. \u00d3bito registrado em 31\/03 no SMH. Paciente com hipertens\u00e3o arterial.<\/p>\n\n\n\n<p><br>Mulher, 77 anos, moradora na Castel\u00e2nea. Internada em 31\/03 na UPA Cascatinha. \u00d3bito registrado em 01\/04 na UPA Cascatinha. Paciente com hipertens\u00e3o arterial.<\/p>\n\n\n\n<p><br>Mulher, 39 anos, moradora na Mosela. Internada em 30\/03 na UPA Centro e transferida para o HMNSE. \u00d3bito registrado em 02\/04 no HMNSE. Paciente com doen\u00e7a cardiovascular cr\u00f4nica.<\/p>\n\n\n\n<p><br>Mulher, 81 anos, moradora em Pedro do Rio. Internadaem 30\/03 na UPA Cascatinha. \u00d3bito registrado em 02\/04 na UPA Cascatinha. Paciente com Alzheimer.<\/p>\n\n\n\n<p><br>Mulher, 77 anos, moradora no Itamarati. Internada em 20\/03 na UPA Centro e transferida para o HMNSE. \u00d3bito registrado em 03\/04 no HMNSE. Paciente com hipertens\u00e3o arterial e diabete.<\/p>\n\n\n\n<p><br>Mulher, 56 anos, morador no Alto da Serra. Internada em 02\/04 na UPA Cascatinha. \u00d3bito registrado em 03\/04 na UPA Cascatinha. Paciente com diabete.<\/p>\n\n\n\n<p><br>Mulher, 58 anos, moradora no Quarteir\u00e3o Brasileiro. \u00d3bito registrado em 03\/04. Paciente com hipertens\u00e3o arterial.<\/p>\n\n\n\n<p><br>Homem, 75 anos, morador na Estrada da Saudade. \u00d3bito registrado em 04\/04 na UPA Itaipava. Paciente com doen\u00e7a cardiovascular cr\u00f4nica e doen\u00e7a renal cr\u00f4nica.<\/p>\n\n\n\n<p><br>Homem, 54 anos, morador na Vila Militar. Internado no SMH em 29\/03. \u00d3bito registrado em 04\/04 no SMH. Paciente com hipertens\u00e3o arterial.<\/p>\n\n\n\n<p><br>Mulher, 55 anos, morador no Independ\u00eancia. Internada em 03\/04 na UPA Centro e transferida para o HMNSE. \u00d3bito registrado em 04\/04 no HMNSE. Paciente com doen\u00e7a cardiovascular cr\u00f4nica.<\/p>\n\n\n\n<p><br>Mulher, 60 anos, moradora no Caxambu. \u00d3bito registrado em 04\/04. Paciente com hipertens\u00e3o e diabete.<\/p>\n\n\n\n<p><br>Mulher, 71 anos, moradora no Bonfim. Internada em 02\/04 na UPA Itaipava. \u00d3bito registrado em 05\/04 na UPA Itaipava. Paciente com hipertens\u00e3o arterial e diabete.<\/p>\n\n\n\n<p><br>Homem, 51 anos, morador em Itaipava. Internado em 02\/04 na UPA Cascatinha. \u00d3bito registrado em 05\/04 na UPA Cascatinha. Paciente com doen\u00e7a card\u00edaca cr\u00f4nica e diabete.<\/p>\n\n\n\n<p><br>Homem, 79 anos, morador no Centro. Internado em 13\/03 na UPA Cascatinha e transferido para o HAC. \u00d3bito registrado em 06\/40 no HAC. Paciente sem comorbidades.<\/p>\n\n\n\n<p><br>Mulher, 71 anos, moradora em Madame Machado. Internada em 16\/03 no HAC. \u00d3bito registrado em 06\/04. Paciente com hipertens\u00e3o arterial, obesidade e imunossupress\u00e3o.<\/p>\n\n\n\n<p><br>Mulher, 76 anos, moradora no Alto da Serra. Internada em 06\/04 no HAC. \u00d3bito registrado em 06\/04 no HAC. Paciente com neoplasia de pulm\u00e3o.<\/p>\n\n\n\n<p><br>Mulher, 67 anos, moradora no Itamarati. Internada em 18\/02 na UPA Cascatinha e transferida para o HMNSE. \u00d3bito registrado em 07\/04. Paciente com diabete e hipertens\u00e3o arterial.<\/p>\n","protected":false},"excerpt":{"rendered":"<p>Mais 22 \u00f3bitos por covid-19 foram registrados nesta quinta-feira (08), em Petr\u00f3polis. Esses \u00f3bitos foram<\/p>\n","protected":false},"author":2,"featured_media":12663,"comment_status":"open","ping_status":"open","sticky":false,"template":"","format":"standard","meta":{"footnotes":""},"categories":[12],"tags":[],"class_list":["post-12662","post","type-post","status-publish","format-standard","has-post-thumbnail","hentry","category-cidade"],"_links":{"self":[{"href":"https:\/\/tvc16.com\/portal\/wp-json\/wp\/v2\/posts\/12662","targetHints":{"allow":["GET"]}}],"collection":[{"href":"https:\/\/tvc16.com\/portal\/wp-json\/wp\/v2\/posts"}],"about":[{"href":"https:\/\/tvc16.com\/portal\/wp-json\/wp\/v2\/types\/post"}],"author":[{"embeddable":true,"href":"https:\/\/tvc16.com\/portal\/wp-json\/wp\/v2\/users\/2"}],"replies":[{"embeddable":true,"href":"https:\/\/tvc16.com\/portal\/wp-json\/wp\/v2\/comments?post=12662"}],"version-history":[{"count":2,"href":"https:\/\/tvc16.com\/portal\/wp-json\/wp\/v2\/posts\/12662\/revisions"}],"predecessor-version":[{"id":12673,"href":"https:\/\/tvc16.com\/portal\/wp-json\/wp\/v2\/posts\/12662\/revisions\/12673"}],"wp:featuredmedia":[{"embeddable":true,"href":"https:\/\/tvc16.com\/portal\/wp-json\/wp\/v2\/media\/12663"}],"wp:attachment":[{"href":"https:\/\/tvc16.com\/portal\/wp-json\/wp\/v2\/media?parent=12662"}],"wp:term":[{"taxonomy":"category","embeddable":true,"href":"https:\/\/tvc16.com\/portal\/wp-json\/wp\/v2\/categories?post=12662"},{"taxonomy":"post_tag","embeddable":true,"href":"https:\/\/tvc16.com\/portal\/wp-json\/wp\/v2\/tags?post=12662"}],"curies":[{"name":"wp","href":"https:\/\/api.w.org\/{rel}","templated":true}]}}