{"id":12665,"date":"2021-04-09T10:23:42","date_gmt":"2021-04-09T13:23:42","guid":{"rendered":"https:\/\/tvc16.com\/portal\/?p=12665"},"modified":"2021-04-09T10:23:44","modified_gmt":"2021-04-09T13:23:44","slug":"cram-faz-atendimento-remoto-de-60-mulheres-vitimas-de-violencia-em-dez-dias","status":"publish","type":"post","link":"https:\/\/tvc16.com\/portal\/2021\/04\/09\/cram-faz-atendimento-remoto-de-60-mulheres-vitimas-de-violencia-em-dez-dias\/","title":{"rendered":"CRAM faz atendimento remoto de 60 mulheres v\u00edtimas de viol\u00eancia em dez dias"},"content":{"rendered":"\n<p>N\u00famero equivale a acolhimentos presenciais de realizados em um m\u00eas<\/p>\n\n\n\n<p>O Centro de Refer\u00eancia em Atendimento \u00e0 Mulher (CRAM) est\u00e1 oferecendo mais um canal para o acolhimento de mulheres v\u00edtimas de viol\u00eancia dom\u00e9stica. Agora, o primeiro contato pode ser feito por telefone, pelos aplicativos de mensagens ou liga\u00e7\u00f5es.<\/p>\n\n\n\n<p>A modalidade havia sido implantada para funcionar apenas durante o per\u00edodo das medidas mais restritivas decretadas por conta da pandemia, mas os resultados mostraram a necessidade de torna-la permanente. Isso porque, em apenas dez dias, foram iniciados 60 atendimentos.<\/p>\n\n\n\n<p>\u201cJ\u00e1 hav\u00edamos percebido que muitas mulheres tinham vergonha de buscar atendimento presencial tanto no \u00d4nibus Lil\u00e1s, que levamos nas comunidades, quanto na nossa pr\u00f3pria sede, no Centro. Nesse per\u00edodo fizemos a mesma quantidade de atendimentos referente a um m\u00eas inteiro, ou seja, demonstrou que elas se sentiram mais \u00e0 vontade para pedir ajuda\u201d, disse a coordenadora do CRAM Ana Luiza Franco. Antes, o n\u00famero funcionava apenas para contatos de emerg\u00eancias.<\/p>\n\n\n\n<p>O CRAM fica na Rua Santos Dumont, 100, anexo ao Centro de Sa\u00fade. Os atendimentos presenciais acontecem de segunda a sexta-feira, de 9h \u00e0s 17h. J\u00e1 o n\u00famero do celular \u00e9 o (24) 98839-7387, que funciona 24 horas.<\/p>\n","protected":false},"excerpt":{"rendered":"<p>N\u00famero equivale a acolhimentos presenciais de realizados em um m\u00eas O Centro de Refer\u00eancia em<\/p>\n","protected":false},"author":2,"featured_media":12666,"comment_status":"open","ping_status":"open","sticky":false,"template":"","format":"standard","meta":{"footnotes":""},"categories":[12],"tags":[],"class_list":["post-12665","post","type-post","status-publish","format-standard","has-post-thumbnail","hentry","category-cidade"],"_links":{"self":[{"href":"https:\/\/tvc16.com\/portal\/wp-json\/wp\/v2\/posts\/12665","targetHints":{"allow":["GET"]}}],"collection":[{"href":"https:\/\/tvc16.com\/portal\/wp-json\/wp\/v2\/posts"}],"about":[{"href":"https:\/\/tvc16.com\/portal\/wp-json\/wp\/v2\/types\/post"}],"author":[{"embeddable":true,"href":"https:\/\/tvc16.com\/portal\/wp-json\/wp\/v2\/users\/2"}],"replies":[{"embeddable":true,"href":"https:\/\/tvc16.com\/portal\/wp-json\/wp\/v2\/comments?post=12665"}],"version-history":[{"count":1,"href":"https:\/\/tvc16.com\/portal\/wp-json\/wp\/v2\/posts\/12665\/revisions"}],"predecessor-version":[{"id":12667,"href":"https:\/\/tvc16.com\/portal\/wp-json\/wp\/v2\/posts\/12665\/revisions\/12667"}],"wp:featuredmedia":[{"embeddable":true,"href":"https:\/\/tvc16.com\/portal\/wp-json\/wp\/v2\/media\/12666"}],"wp:attachment":[{"href":"https:\/\/tvc16.com\/portal\/wp-json\/wp\/v2\/media?parent=12665"}],"wp:term":[{"taxonomy":"category","embeddable":true,"href":"https:\/\/tvc16.com\/portal\/wp-json\/wp\/v2\/categories?post=12665"},{"taxonomy":"post_tag","embeddable":true,"href":"https:\/\/tvc16.com\/portal\/wp-json\/wp\/v2\/tags?post=12665"}],"curies":[{"name":"wp","href":"https:\/\/api.w.org\/{rel}","templated":true}]}}