{"id":12668,"date":"2021-04-09T10:24:27","date_gmt":"2021-04-09T13:24:27","guid":{"rendered":"https:\/\/tvc16.com\/portal\/?p=12668"},"modified":"2021-04-09T10:24:31","modified_gmt":"2021-04-09T13:24:31","slug":"prefeitura-esta-convocando-profissionais-para-atuarem-na-secretaria-de-saude","status":"publish","type":"post","link":"https:\/\/tvc16.com\/portal\/2021\/04\/09\/prefeitura-esta-convocando-profissionais-para-atuarem-na-secretaria-de-saude\/","title":{"rendered":"Prefeitura est\u00e1 convocando profissionais para atuarem na Secretaria de Sa\u00fade"},"content":{"rendered":"\n<p>Ser\u00e3o chamados 42 Agentes Comunit\u00e1rios de Sa\u00fade (ACS), al\u00e9m de enfermeiro e cinco agentes de apoio administrativo<\/p>\n\n\n\n<p>O governo municipal interino, por meio da Secretaria de Sa\u00fade, est\u00e1 convocando 42 agentes comunit\u00e1rios de sa\u00fade (ACS), um enfermeiro e cinco profissionais para o quadro de agentes de apoio administrativo. A convoca\u00e7\u00e3o foi publicada no Di\u00e1rio Oficial de quarta-feira (07.04).<\/p>\n\n\n\n<p>Os novos servidores s\u00e3o oriundos do processo seletivo de 2016, que teve seu prazo de contagem suspenso em 2020 devido a pandemia de coronav\u00edrus. O prazo foi retomado em janeiro deste ano e est\u00e1 expirando hoje (08.04). Esse novo contingente de funcion\u00e1rios atuar\u00e1 em setores diversos da Secretaria de Sa\u00fade, de acordo com a demanda.<\/p>\n\n\n\n<p>\u201cEsta equipe vai refor\u00e7ar o quadro de funcion\u00e1rios neste momento t\u00e3o delicado que estamos vivendo, ajudando nas a\u00e7\u00f5es de conscientiza\u00e7\u00e3o das necess\u00e1rias medidas de precau\u00e7\u00e3o no combate a covid-19&#8243;, lembrou o prefeito interino Hingo Hammes.<\/p>\n\n\n\n<p>\u201cComo est\u00e3o inseridos dentro das comunidades, cada profissional tem papel relevante nessa a\u00e7\u00e3o. Todos os servidores estar\u00e3o rapidamente ambientados para ajudar nas demandas di\u00e1rias\u201d, destaca o secret\u00e1rio de Sa\u00fade, Alo\u00edsio Barbosa.<\/p>\n","protected":false},"excerpt":{"rendered":"<p>Ser\u00e3o chamados 42 Agentes Comunit\u00e1rios de Sa\u00fade (ACS), al\u00e9m de enfermeiro e cinco agentes de<\/p>\n","protected":false},"author":2,"featured_media":12238,"comment_status":"open","ping_status":"open","sticky":false,"template":"","format":"standard","meta":{"footnotes":""},"categories":[12],"tags":[],"class_list":["post-12668","post","type-post","status-publish","format-standard","has-post-thumbnail","hentry","category-cidade"],"_links":{"self":[{"href":"https:\/\/tvc16.com\/portal\/wp-json\/wp\/v2\/posts\/12668","targetHints":{"allow":["GET"]}}],"collection":[{"href":"https:\/\/tvc16.com\/portal\/wp-json\/wp\/v2\/posts"}],"about":[{"href":"https:\/\/tvc16.com\/portal\/wp-json\/wp\/v2\/types\/post"}],"author":[{"embeddable":true,"href":"https:\/\/tvc16.com\/portal\/wp-json\/wp\/v2\/users\/2"}],"replies":[{"embeddable":true,"href":"https:\/\/tvc16.com\/portal\/wp-json\/wp\/v2\/comments?post=12668"}],"version-history":[{"count":1,"href":"https:\/\/tvc16.com\/portal\/wp-json\/wp\/v2\/posts\/12668\/revisions"}],"predecessor-version":[{"id":12669,"href":"https:\/\/tvc16.com\/portal\/wp-json\/wp\/v2\/posts\/12668\/revisions\/12669"}],"wp:featuredmedia":[{"embeddable":true,"href":"https:\/\/tvc16.com\/portal\/wp-json\/wp\/v2\/media\/12238"}],"wp:attachment":[{"href":"https:\/\/tvc16.com\/portal\/wp-json\/wp\/v2\/media?parent=12668"}],"wp:term":[{"taxonomy":"category","embeddable":true,"href":"https:\/\/tvc16.com\/portal\/wp-json\/wp\/v2\/categories?post=12668"},{"taxonomy":"post_tag","embeddable":true,"href":"https:\/\/tvc16.com\/portal\/wp-json\/wp\/v2\/tags?post=12668"}],"curies":[{"name":"wp","href":"https:\/\/api.w.org\/{rel}","templated":true}]}}