{"id":12670,"date":"2021-04-09T10:25:10","date_gmt":"2021-04-09T13:25:10","guid":{"rendered":"https:\/\/tvc16.com\/portal\/?p=12670"},"modified":"2021-04-09T10:25:12","modified_gmt":"2021-04-09T13:25:12","slug":"aviso-de-interdicao-de-rua-na-estrada-da-saudade","status":"publish","type":"post","link":"https:\/\/tvc16.com\/portal\/2021\/04\/09\/aviso-de-interdicao-de-rua-na-estrada-da-saudade\/","title":{"rendered":"Aviso de interdi\u00e7\u00e3o de rua na Estrada da Saudade"},"content":{"rendered":"\n<p>A Prefeitura de Petr\u00f3polis por meio da secretaria de Obras, informa que, na manh\u00e3 desta sexta-feira (09) a rua Estrada da Saudade, na altura do n\u00ba 1.213, no bairro de mesmo nome estar\u00e1 com tr\u00e2nsito impedido nos dois sentidos em raz\u00e3o de obra de demoli\u00e7\u00e3o de um muro para afastamento do risco de desabamento. A passagem de pedestres e ve\u00edculos estar\u00e1 restrita no local durante o processo de demoli\u00e7\u00e3o.<\/p>\n\n\n\n<p>A CPTrans est\u00e1 providenciando toda a sinaliza\u00e7\u00e3o da \u00e1rea e para minimizar os transtornos, a Rua Paulo Rudge vai funcionar em m\u00e3o \u00fanica sentido Pedro Helmer, enquanto a Rua Francisco Franback, no sentido Estrada da Saudade. Esta vai receber ainda os \u00f4nibus do transporte coletivo.<\/p>\n","protected":false},"excerpt":{"rendered":"<p>A Prefeitura de Petr\u00f3polis por meio da secretaria de Obras, informa que, na manh\u00e3 desta<\/p>\n","protected":false},"author":2,"featured_media":12671,"comment_status":"open","ping_status":"open","sticky":false,"template":"","format":"standard","meta":{"footnotes":""},"categories":[12],"tags":[],"class_list":["post-12670","post","type-post","status-publish","format-standard","has-post-thumbnail","hentry","category-cidade"],"_links":{"self":[{"href":"https:\/\/tvc16.com\/portal\/wp-json\/wp\/v2\/posts\/12670","targetHints":{"allow":["GET"]}}],"collection":[{"href":"https:\/\/tvc16.com\/portal\/wp-json\/wp\/v2\/posts"}],"about":[{"href":"https:\/\/tvc16.com\/portal\/wp-json\/wp\/v2\/types\/post"}],"author":[{"embeddable":true,"href":"https:\/\/tvc16.com\/portal\/wp-json\/wp\/v2\/users\/2"}],"replies":[{"embeddable":true,"href":"https:\/\/tvc16.com\/portal\/wp-json\/wp\/v2\/comments?post=12670"}],"version-history":[{"count":1,"href":"https:\/\/tvc16.com\/portal\/wp-json\/wp\/v2\/posts\/12670\/revisions"}],"predecessor-version":[{"id":12672,"href":"https:\/\/tvc16.com\/portal\/wp-json\/wp\/v2\/posts\/12670\/revisions\/12672"}],"wp:featuredmedia":[{"embeddable":true,"href":"https:\/\/tvc16.com\/portal\/wp-json\/wp\/v2\/media\/12671"}],"wp:attachment":[{"href":"https:\/\/tvc16.com\/portal\/wp-json\/wp\/v2\/media?parent=12670"}],"wp:term":[{"taxonomy":"category","embeddable":true,"href":"https:\/\/tvc16.com\/portal\/wp-json\/wp\/v2\/categories?post=12670"},{"taxonomy":"post_tag","embeddable":true,"href":"https:\/\/tvc16.com\/portal\/wp-json\/wp\/v2\/tags?post=12670"}],"curies":[{"name":"wp","href":"https:\/\/api.w.org\/{rel}","templated":true}]}}