{"id":1268,"date":"2020-09-25T15:58:31","date_gmt":"2020-09-25T15:58:31","guid":{"rendered":"https:\/\/tvc16.com\/portal\/?p=1268"},"modified":"2020-09-25T15:58:31","modified_gmt":"2020-09-25T15:58:31","slug":"comissao-da-reforma-tributaria-debate-educacao-e-economia-digital-nesta-sexta","status":"publish","type":"post","link":"https:\/\/tvc16.com\/portal\/2020\/09\/25\/comissao-da-reforma-tributaria-debate-educacao-e-economia-digital-nesta-sexta\/","title":{"rendered":"Comiss\u00e3o da reforma tribut\u00e1ria debate educa\u00e7\u00e3o e economia digital nesta sexta"},"content":{"rendered":"\n<p>A Comiss\u00e3o Mista Tempor\u00e1ria da Reforma Tribut\u00e1ria debate nesta sexta-feira (25) com representantes dos segmentos de educa\u00e7\u00e3o e de economia digital. A audi\u00eancia p\u00fablica est\u00e1 marcada para 14h. Foram convidados:<\/p>\n\n\n\n<ul class=\"wp-block-list\"><li>Am\u00e1bile P\u00e1cios, conselheira do F\u00f3rum das Entidades Representativas do Ensino Superior Particular e vice-presidente da Federa\u00e7\u00e3o Nacional das Escolas Particulares (Fenep);<\/li><li>Edgar Serrano, presidente da Federa\u00e7\u00e3o Nacional das Empresas de Inform\u00e1tica (Fenainfo);<\/li><li>Elizabeth Guedes, presidente da Associa\u00e7\u00e3o Nacional das Universidade Particulares (Anup) e representante do Conselho de Reitores das Universidades Brasileiras (Crub).<\/li><\/ul>\n\n\n\n<p>A comiss\u00e3o discute a Proposta de Emenda \u00e0 Constitui\u00e7\u00e3o (PEC)&nbsp;<a href=\"http:\/\/www25.senado.leg.br\/web\/atividade\/materias\/-\/materia\/137699\">110\/2019<\/a>, do Senado, que acaba com nove tributos e cria dois impostos: um sobre bens e servi\u00e7os (IBS), nos moldes dos impostos sobre valor agregado cobrados na maioria dos pa\u00edses desenvolvidos, e um imposto espec\u00edfico sobre alguns bens e servi\u00e7os. O texto est\u00e1 em an\u00e1lise na Comiss\u00e3o de Constitui\u00e7\u00e3o e Justi\u00e7a (CCJ), onde \u00e9 relatado pelo senador Roberto Rocha (PSDB-MA), que tamb\u00e9m preside a comiss\u00e3o mista.&nbsp;<\/p>\n\n\n\n<p>Tamb\u00e9m em an\u00e1lise pelo colegiado, a <a href=\"https:\/\/www.camara.leg.br\/noticias\/555563-proposta-simplifica-sistema-tributario-e-unifica-tributos-sobre-consumo\">PEC 45\/2019<\/a>, do deputado Baleia Rossi (MDB-SP) \u2014&nbsp;atualmente em tramita\u00e7\u00e3o na C\u00e2mara \u2014&nbsp;acaba com cinco tributos e tamb\u00e9m cria impostos sobre bens e servi\u00e7os.<\/p>\n\n\n\n<p>J\u00e1 o&nbsp;<a href=\"https:\/\/www.camara.leg.br\/noticias\/678135-projeto-do-governo-cria-nova-contribuicao-unificando-pis-e-cofins\">Projeto de Lei 3.887\/2020<\/a>, do Poder Executivo, cria a Contribui\u00e7\u00e3o sobre Bens e Servi\u00e7os (CBS), com al\u00edquota de 12%, em substitui\u00e7\u00e3o ao Programa de Integra\u00e7\u00e3o Social (PIS) e \u00e0 Contribui\u00e7\u00e3o para Financiamento da Seguridade Social (Cofins). Essa proposta tamb\u00e9m aguarda vota\u00e7\u00e3o dos deputados antes de chegar ao Senado.&nbsp;<\/p>\n\n\n\n<p>A comiss\u00e3o mista tem como relator o deputado Aguinaldo Ribeiro (PP-PB) e como vice-presidente, o deputado Hildo Rocha (MDB-MA). A audi\u00eancia p\u00fablica ser\u00e1 realizada em car\u00e1ter interativo, com a possibilidade de participa\u00e7\u00e3o popular.<\/p>\n\n\n\n<p>Fonte: Ag\u00eancia Senado<\/p>\n","protected":false},"excerpt":{"rendered":"<p>A Comiss\u00e3o Mista Tempor\u00e1ria da Reforma Tribut\u00e1ria debate nesta sexta-feira (25) com representantes dos segmentos<\/p>\n","protected":false},"author":2,"featured_media":1269,"comment_status":"open","ping_status":"open","sticky":false,"template":"","format":"standard","meta":{"footnotes":""},"categories":[19],"tags":[],"class_list":["post-1268","post","type-post","status-publish","format-standard","has-post-thumbnail","hentry","category-educacao"],"_links":{"self":[{"href":"https:\/\/tvc16.com\/portal\/wp-json\/wp\/v2\/posts\/1268","targetHints":{"allow":["GET"]}}],"collection":[{"href":"https:\/\/tvc16.com\/portal\/wp-json\/wp\/v2\/posts"}],"about":[{"href":"https:\/\/tvc16.com\/portal\/wp-json\/wp\/v2\/types\/post"}],"author":[{"embeddable":true,"href":"https:\/\/tvc16.com\/portal\/wp-json\/wp\/v2\/users\/2"}],"replies":[{"embeddable":true,"href":"https:\/\/tvc16.com\/portal\/wp-json\/wp\/v2\/comments?post=1268"}],"version-history":[{"count":1,"href":"https:\/\/tvc16.com\/portal\/wp-json\/wp\/v2\/posts\/1268\/revisions"}],"predecessor-version":[{"id":1270,"href":"https:\/\/tvc16.com\/portal\/wp-json\/wp\/v2\/posts\/1268\/revisions\/1270"}],"wp:featuredmedia":[{"embeddable":true,"href":"https:\/\/tvc16.com\/portal\/wp-json\/wp\/v2\/media\/1269"}],"wp:attachment":[{"href":"https:\/\/tvc16.com\/portal\/wp-json\/wp\/v2\/media?parent=1268"}],"wp:term":[{"taxonomy":"category","embeddable":true,"href":"https:\/\/tvc16.com\/portal\/wp-json\/wp\/v2\/categories?post=1268"},{"taxonomy":"post_tag","embeddable":true,"href":"https:\/\/tvc16.com\/portal\/wp-json\/wp\/v2\/tags?post=1268"}],"curies":[{"name":"wp","href":"https:\/\/api.w.org\/{rel}","templated":true}]}}