{"id":12681,"date":"2021-04-09T17:58:31","date_gmt":"2021-04-09T20:58:31","guid":{"rendered":"https:\/\/tvc16.com\/portal\/?p=12681"},"modified":"2021-04-09T17:58:34","modified_gmt":"2021-04-09T20:58:34","slug":"sao-paulo-deixa-fase-emergencial-mas-seguira-na-fase-vermelha","status":"publish","type":"post","link":"https:\/\/tvc16.com\/portal\/2021\/04\/09\/sao-paulo-deixa-fase-emergencial-mas-seguira-na-fase-vermelha\/","title":{"rendered":"S\u00e3o Paulo deixa Fase Emergencial, mas seguir\u00e1 na Fase Vermelha"},"content":{"rendered":"\n<h3 class=\"wp-block-heading\">Medidas s\u00e3o tomadas em raz\u00e3o da pandemia de covid-19<\/h3>\n\n\n\n<ul class=\"wp-block-list\"><li>Por Elaine Patricia Cruz \u2013 Rep\u00f3rter da Ag\u00eancia Brasil &#8211; S\u00e3o Paulo<\/li><\/ul>\n\n\n\n<p>Com uma leve queda no n\u00famero de novas interna\u00e7\u00f5es, o governo de S\u00e3o Paulo decidiu n\u00e3o prorrogar a Fase Emergencial, que \u00e9 um est\u00e1gio mais restritivo e que vai se encerrar no domingo (11). No entanto, o governo paulista decidiu manter o estado na Fase 1-Vermelha do Plano S\u00e3o Paulo, em que somente servi\u00e7os considerados essenciais podem funcionar. A Fase 1-Vermelha entra em funcionamento na segunda-feira (12) e vale at\u00e9 18 de abril.<img decoding=\"async\" src=\"https:\/\/agenciabrasil.ebc.com.br\/ebc.png?id=1406346&amp;o=node\"><img decoding=\"async\" src=\"https:\/\/agenciabrasil.ebc.com.br\/ebc.gif?id=1406346&amp;o=node\"><\/p>\n\n\n\n<p>Desde o dia 6 de mar\u00e7o, todo o estado de S\u00e3o Paulo est\u00e1 na Fase 1-Vermelha do Plano S\u00e3o Paulo. Mas como a taxa de isolamento n\u00e3o estava crescendo a n\u00edveis considerados satisfat\u00f3rios, o governo endureceu ainda mais essa medida. Com isso, desde o dia 15 de mar\u00e7o entrou em funcionamento no estado a fase emergencial, com medidas ainda mais restritivas. As aulas da rede p\u00fablica foram suspensas, jogos de futebol paralisados e cultos e celebra\u00e7\u00f5es religiosas coletivas foram proibidos. Foi estabelecido um toque de recolher das 20h \u00e0s 5h.<\/p>\n\n\n\n<p>Apesar de avan\u00e7ar para a Fase 1-Vermelha, algumas medidas tomadas na fase emergencial ser\u00e3o mantidas nessa nova etapa. Cultos e celebra\u00e7\u00f5es religiosas coletivas, que s\u00e3o considerados atividades essenciais e poderiam funcionar na Fase Vermelha, continuar\u00e3o proibidos no estado, atendendo ao que ficou decidido ontem (8) no Supremo Tribunal Federal, em Bras\u00edlia.&nbsp;<\/p>\n\n\n\n<p>Tamb\u00e9m ser\u00e1 mantida a recomenda\u00e7\u00e3o de escalonamento de hor\u00e1rio de trabalho para as atividades essenciais que est\u00e3o permitidas nessa etapa. Segundo o governo, continuam valendo tamb\u00e9m o toque de recolher, estabelecido entre as 20h e 5h, e a recomenda\u00e7\u00e3o de teletrabalho.<\/p>\n\n\n\n<h2 class=\"wp-block-heading\">Futebol<\/h2>\n\n\n\n<p>J\u00e1 os jogos de futebol e outros esportes, que estavam proibidos desde o dia 15 de mar\u00e7o, poder\u00e3o retornar agora, ainda sem a presen\u00e7a de p\u00fablico. Tamb\u00e9m vai ser permitido que os consumidores voltem a retirar suas encomendas diretamente nos restaurantes,&nbsp;<em>shoppings<\/em>&nbsp;e com\u00e9rcio. O consumo ou atendimento no local, no entanto, continua proibido. Outra mudan\u00e7a \u00e9 que ser\u00e1 permitida&nbsp;a abertura de lojas de materiais de constru\u00e7\u00e3o.<\/p>\n\n\n\n<p>Outra altera\u00e7\u00e3o anunciada pelo governo \u00e9 a volta \u00e0s aulas. As escolas da rede p\u00fablica ser\u00e3o reabertas e as aulas presenciais ser\u00e3o permitidas a partir de 14 de abril, mas o retorno ser\u00e1 gradual, com limite de ocupa\u00e7\u00e3o de 35%.<\/p>\n\n\n\n<p>O Plano S\u00e3o Paulo \u00e9 dividido em cinco fases que v\u00e3o do n\u00edvel m\u00e1ximo de restri\u00e7\u00e3o de atividades n\u00e3o essenciais (vermelho) a etapas identificadas como controle (laranja), flexibiliza\u00e7\u00e3o (amarelo), abertura parcial (verde) e normal controlado (azul). O plano divide o estado em 17 regi\u00f5es e cada uma delas \u00e9 classificada em uma fase do plano, dependendo de fatores como capacidade do sistema de sa\u00fade e a evolu\u00e7\u00e3o da epidemia.<\/p>\n\n\n\n<p>Edi\u00e7\u00e3o: Kleber Sampaio<\/p>\n","protected":false},"excerpt":{"rendered":"<p>Medidas s\u00e3o tomadas em raz\u00e3o da pandemia de covid-19 Por Elaine Patricia Cruz \u2013 Rep\u00f3rter<\/p>\n","protected":false},"author":2,"featured_media":12682,"comment_status":"open","ping_status":"open","sticky":false,"template":"","format":"standard","meta":{"footnotes":""},"categories":[17],"tags":[],"class_list":["post-12681","post","type-post","status-publish","format-standard","has-post-thumbnail","hentry","category-outras-noticias"],"_links":{"self":[{"href":"https:\/\/tvc16.com\/portal\/wp-json\/wp\/v2\/posts\/12681","targetHints":{"allow":["GET"]}}],"collection":[{"href":"https:\/\/tvc16.com\/portal\/wp-json\/wp\/v2\/posts"}],"about":[{"href":"https:\/\/tvc16.com\/portal\/wp-json\/wp\/v2\/types\/post"}],"author":[{"embeddable":true,"href":"https:\/\/tvc16.com\/portal\/wp-json\/wp\/v2\/users\/2"}],"replies":[{"embeddable":true,"href":"https:\/\/tvc16.com\/portal\/wp-json\/wp\/v2\/comments?post=12681"}],"version-history":[{"count":1,"href":"https:\/\/tvc16.com\/portal\/wp-json\/wp\/v2\/posts\/12681\/revisions"}],"predecessor-version":[{"id":12683,"href":"https:\/\/tvc16.com\/portal\/wp-json\/wp\/v2\/posts\/12681\/revisions\/12683"}],"wp:featuredmedia":[{"embeddable":true,"href":"https:\/\/tvc16.com\/portal\/wp-json\/wp\/v2\/media\/12682"}],"wp:attachment":[{"href":"https:\/\/tvc16.com\/portal\/wp-json\/wp\/v2\/media?parent=12681"}],"wp:term":[{"taxonomy":"category","embeddable":true,"href":"https:\/\/tvc16.com\/portal\/wp-json\/wp\/v2\/categories?post=12681"},{"taxonomy":"post_tag","embeddable":true,"href":"https:\/\/tvc16.com\/portal\/wp-json\/wp\/v2\/tags?post=12681"}],"curies":[{"name":"wp","href":"https:\/\/api.w.org\/{rel}","templated":true}]}}